{"id":2962,"date":"2025-12-04T11:39:57","date_gmt":"2025-12-04T11:39:57","guid":{"rendered":"https:\/\/lideitalia.com\/?p=2962"},"modified":"2025-12-04T11:39:58","modified_gmt":"2025-12-04T11:39:58","slug":"brasile-e-italia-discutono-nuove-prospettive-economiche-e-investimenti-al-lide-brasile-italia-forum","status":"publish","type":"post","link":"https:\/\/lideitalia.com\/pt\/brasile-e-italia-discutono-nuove-prospettive-economiche-e-investimenti-al-lide-brasile-italia-forum\/","title":{"rendered":"Brasil e It\u00e1lia discutem novas perspectivas econ\u00f4micas e investimentos no F\u00f3rum LIDE Brasil-It\u00e1lia"},"content":{"rendered":"<p>O F\u00f3rum LIDE Brasil-It\u00e1lia, realizado em Roma, dedicou um de seus principais pain\u00e9is \u00e0 avalia\u00e7\u00e3o do ambiente econ\u00f4mico bilateral e das oportunidades para investidores internacionais. O painel \"Atratividade do Brasil para Investidores Internacionais e Perspectivas de Parcerias entre Brasil e It\u00e1lia\" reuniu l\u00edderes pol\u00edticos e empresariais e especialistas dos dois pa\u00edses para analisar tend\u00eancias, desafios e caminhos estrat\u00e9gicos para intensificar o fluxo de neg\u00f3cios entre as duas na\u00e7\u00f5es.<\/p>\n\n\n\n<p><strong>O contexto econ\u00f4mico brasileiro em evid\u00eancia<\/strong><\/p>\n\n\n\n<p>O painel contou com representantes brasileiros que apresentaram uma vis\u00e3o ampla da atual fase econ\u00f4mica do pa\u00eds, caracterizada pelo progresso institucional, fortalecimento regulat\u00f3rio e oportunidades nos setores de infraestrutura, energia, tecnologia e agroneg\u00f3cio.<\/p>\n\n\n\n<p>Os palestrantes brasileiros inclu\u00edram:<\/p>\n\n\n\n<p><strong>Carlos Viana<\/strong>O presidente da Comiss\u00e3o de Investimentos do Senado, senador (PODEMOS-MG) e vice-presidente do Senado, destacou o papel do Congresso na moderniza\u00e7\u00e3o do marco regulat\u00f3rio e na constru\u00e7\u00e3o de um ambiente mais favor\u00e1vel ao investimento estrangeiro.<\/p>\n\n\n\n<p><strong>Rafael Furlan Prata<\/strong>O palestrante foi o desembargador do Tribunal Regional Federal da 3\u00aa Regi\u00e3o, que abordou a quest\u00e3o da seguran\u00e7a jur\u00eddica como um elemento competitivo no Brasil.<\/p>\n\n\n\n<p><strong>Mayara<\/strong><strong>&nbsp;Pinton Lobo<\/strong>vice-presidente da Invest.SP, que apresentou as pol\u00edticas estaduais para atra\u00e7\u00e3o de investimentos e o potencial dos setores emergentes, especialmente tecnologia e inova\u00e7\u00e3o.<\/p>\n\n\n\n<p>Os representantes brasileiros enfatizaram que o pa\u00eds est\u00e1 caminhando para a consolida\u00e7\u00e3o de um ciclo de crescimento econ\u00f4mico apoiado pela estabilidade institucional e pelo fortalecimento das rela\u00e7\u00f5es internacionais.<\/p>\n\n\n\n<p><strong>A participa\u00e7\u00e3o italiana refor\u00e7a o interesse no mercado brasileiro<\/strong><\/p>\n\n\n\n<p>No lado italiano, eles participaram:<\/p>\n\n\n\n<p><strong>Giulio Tremonti,&nbsp;<\/strong>Presidente do Comit\u00ea de Rela\u00e7\u00f5es Exteriores e Defesa da C\u00e2mara dos Deputados<\/p>\n\n\n\n<p><strong>Fabio Porta,&nbsp;<\/strong>Membro do Parlamento Italiano<\/p>\n\n\n\n<p>A presen\u00e7a italiana refor\u00e7ou a percep\u00e7\u00e3o de que h\u00e1 uma janela significativa para expandir o interc\u00e2mbio econ\u00f4mico, n\u00e3o apenas no com\u00e9rcio, mas tamb\u00e9m na transfer\u00eancia de tecnologia, inova\u00e7\u00e3o industrial e coprodu\u00e7\u00e3o em setores estrat\u00e9gicos.<\/p>\n\n\n\n<p><strong>O debate destaca as sinergias entre as duas economias<\/strong><\/p>\n\n\n\n<p>Os participantes destacaram fatores essenciais para fortalecer a coopera\u00e7\u00e3o econ\u00f4mica:<\/p>\n\n\n\n<p>- A complementaridade industrial entre o Brasil e a It\u00e1lia.<\/p>\n\n\n\n<p>- A import\u00e2ncia de pol\u00edticas est\u00e1veis e transparentes para o investidor internacional.<\/p>\n\n\n\n<p>- O potencial das pequenas e m\u00e9dias empresas italianas para expandir seus neg\u00f3cios no Brasil.<\/p>\n\n\n\n<p>- O crescente interesse das empresas brasileiras em acessar o ecossistema tecnol\u00f3gico italiano.<\/p>\n\n\n\n<p>Tamb\u00e9m foram discutidos os impactos das transforma\u00e7\u00f5es globais na competitividade das empresas e a necessidade de maior integra\u00e7\u00e3o entre as cadeias produtivas dos dois pa\u00edses.<\/p>\n\n\n\n<p><strong>Modera\u00e7\u00e3o estrat\u00e9gica do LIDE<\/strong><\/p>\n\n\n\n<p>O painel foi moderado por&nbsp;<strong>Jo\u00e3o Doria Neto<\/strong>CEO do LIDE Global, e&nbsp;<strong>James Guarnera<\/strong>Presidente do LIDE It\u00e1lia, que enfatizou a import\u00e2ncia de ampliar o di\u00e1logo entre os ecossistemas empresariais brasileiro e italiano.<\/p>\n\n\n\n<p>Ambos enfatizaram que o relacionamento entre os dois pa\u00edses precisa de mecanismos permanentes de di\u00e1logo para transformar oportunidades econ\u00f4micas em projetos de coopera\u00e7\u00e3o concretos.<\/p>\n\n\n\n<p><strong>Brasil e It\u00e1lia avan\u00e7am em dire\u00e7\u00e3o a uma agenda econ\u00f4mica mais integrada<\/strong><\/p>\n\n\n\n<p>O painel se consolidou como um dos momentos mais relevantes do F\u00f3rum LIDE Brasil-It\u00e1lia, refor\u00e7ando a percep\u00e7\u00e3o de que Brasil e It\u00e1lia vivem um momento prop\u00edcio para intensificar parcerias e ampliar o fluxo de investimentos bilaterais.<\/p>\n\n\n\n<p>As discuss\u00f5es mostraram que, diante dos desafios globais e das mudan\u00e7as no cen\u00e1rio econ\u00f4mico internacional, a coopera\u00e7\u00e3o entre os dois pa\u00edses pode desempenhar um papel estrat\u00e9gico na gera\u00e7\u00e3o de neg\u00f3cios, inova\u00e7\u00e3o e desenvolvimento sustent\u00e1vel.<\/p>\n\n\n\n<figure class=\"wp-block-gallery has-nested-images columns-default is-cropped wp-block-gallery-1 is-layout-flex wp-block-gallery-is-layout-flex\">\n<figure class=\"wp-block-image size-large\"><img loading=\"lazy\" decoding=\"async\" width=\"1024\" height=\"683\" data-id=\"2965\" src=\"https:\/\/lideitalia.com\/wp-content\/uploads\/2025\/12\/A7407520-1024x683.jpg\" alt=\"\" class=\"wp-image-2965\" srcset=\"https:\/\/lideitalia.com\/wp-content\/uploads\/2025\/12\/A7407520-1024x683.jpg 1024w, https:\/\/lideitalia.com\/wp-content\/uploads\/2025\/12\/A7407520-300x200.jpg 300w, https:\/\/lideitalia.com\/wp-content\/uploads\/2025\/12\/A7407520-768x512.jpg 768w, https:\/\/lideitalia.com\/wp-content\/uploads\/2025\/12\/A7407520-1536x1024.jpg 1536w, https:\/\/lideitalia.com\/wp-content\/uploads\/2025\/12\/A7407520-2048x1365.jpg 2048w, https:\/\/lideitalia.com\/wp-content\/uploads\/2025\/12\/A7407520-18x12.jpg 18w\" sizes=\"auto, (max-width: 1024px) 100vw, 1024px\" \/><\/figure>\n\n\n\n<figure class=\"wp-block-image size-large\"><img loading=\"lazy\" decoding=\"async\" width=\"1024\" height=\"683\" data-id=\"2964\" src=\"https:\/\/lideitalia.com\/wp-content\/uploads\/2025\/12\/A7407374-1024x683.jpg\" alt=\"\" class=\"wp-image-2964\" srcset=\"https:\/\/lideitalia.com\/wp-content\/uploads\/2025\/12\/A7407374-1024x683.jpg 1024w, https:\/\/lideitalia.com\/wp-content\/uploads\/2025\/12\/A7407374-300x200.jpg 300w, https:\/\/lideitalia.com\/wp-content\/uploads\/2025\/12\/A7407374-768x512.jpg 768w, https:\/\/lideitalia.com\/wp-content\/uploads\/2025\/12\/A7407374-1536x1024.jpg 1536w, https:\/\/lideitalia.com\/wp-content\/uploads\/2025\/12\/A7407374-2048x1365.jpg 2048w, https:\/\/lideitalia.com\/wp-content\/uploads\/2025\/12\/A7407374-18x12.jpg 18w\" sizes=\"auto, (max-width: 1024px) 100vw, 1024px\" \/><\/figure>\n\n\n\n<figure class=\"wp-block-image size-large\"><img loading=\"lazy\" decoding=\"async\" width=\"1024\" height=\"683\" data-id=\"2968\" src=\"https:\/\/lideitalia.com\/wp-content\/uploads\/2025\/12\/A7407588-1024x683.jpg\" alt=\"\" class=\"wp-image-2968\" srcset=\"https:\/\/lideitalia.com\/wp-content\/uploads\/2025\/12\/A7407588-1024x683.jpg 1024w, https:\/\/lideitalia.com\/wp-content\/uploads\/2025\/12\/A7407588-300x200.jpg 300w, https:\/\/lideitalia.com\/wp-content\/uploads\/2025\/12\/A7407588-768x512.jpg 768w, https:\/\/lideitalia.com\/wp-content\/uploads\/2025\/12\/A7407588-1536x1024.jpg 1536w, https:\/\/lideitalia.com\/wp-content\/uploads\/2025\/12\/A7407588-2048x1365.jpg 2048w, https:\/\/lideitalia.com\/wp-content\/uploads\/2025\/12\/A7407588-18x12.jpg 18w\" sizes=\"auto, (max-width: 1024px) 100vw, 1024px\" \/><\/figure>\n\n\n\n<figure class=\"wp-block-image size-large\"><img loading=\"lazy\" decoding=\"async\" width=\"1024\" height=\"683\" data-id=\"2967\" src=\"https:\/\/lideitalia.com\/wp-content\/uploads\/2025\/12\/A7407379-1024x683.jpg\" alt=\"\" class=\"wp-image-2967\" srcset=\"https:\/\/lideitalia.com\/wp-content\/uploads\/2025\/12\/A7407379-1024x683.jpg 1024w, https:\/\/lideitalia.com\/wp-content\/uploads\/2025\/12\/A7407379-300x200.jpg 300w, https:\/\/lideitalia.com\/wp-content\/uploads\/2025\/12\/A7407379-768x512.jpg 768w, https:\/\/lideitalia.com\/wp-content\/uploads\/2025\/12\/A7407379-1536x1024.jpg 1536w, https:\/\/lideitalia.com\/wp-content\/uploads\/2025\/12\/A7407379-2048x1365.jpg 2048w, https:\/\/lideitalia.com\/wp-content\/uploads\/2025\/12\/A7407379-18x12.jpg 18w\" sizes=\"auto, (max-width: 1024px) 100vw, 1024px\" \/><\/figure>\n<\/figure>","protected":false},"excerpt":{"rendered":"<p>O F\u00f3rum LIDE Brasil-It\u00e1lia, realizado em Roma, dedicou um de seus principais pain\u00e9is \u00e0 avalia\u00e7\u00e3o do ambiente econ\u00f4mico bilateral e das oportunidades para investidores internacionais. O painel \"A Atratividade do Brasil para Investidores Internacionais e Perspectivas de Parcerias entre Brasil e It\u00e1lia\" reuniu l\u00edderes pol\u00edticos, empresariais e especialistas de ambos os pa\u00edses [...].<\/p>","protected":false},"author":1,"featured_media":2966,"comment_status":"open","ping_status":"open","sticky":false,"template":"","format":"standard","meta":{"footnotes":""},"categories":[10,8],"tags":[],"class_list":["post-2962","post","type-post","status-publish","format-standard","has-post-thumbnail","hentry","category-eventi","category-news"],"acf":[],"_links":{"self":[{"href":"https:\/\/lideitalia.com\/pt\/wp-json\/wp\/v2\/posts\/2962","targetHints":{"allow":["GET"]}}],"collection":[{"href":"https:\/\/lideitalia.com\/pt\/wp-json\/wp\/v2\/posts"}],"about":[{"href":"https:\/\/lideitalia.com\/pt\/wp-json\/wp\/v2\/types\/post"}],"author":[{"embeddable":true,"href":"https:\/\/lideitalia.com\/pt\/wp-json\/wp\/v2\/users\/1"}],"replies":[{"embeddable":true,"href":"https:\/\/lideitalia.com\/pt\/wp-json\/wp\/v2\/comments?post=2962"}],"version-history":[{"count":1,"href":"https:\/\/lideitalia.com\/pt\/wp-json\/wp\/v2\/posts\/2962\/revisions"}],"predecessor-version":[{"id":2969,"href":"https:\/\/lideitalia.com\/pt\/wp-json\/wp\/v2\/posts\/2962\/revisions\/2969"}],"wp:featuredmedia":[{"embeddable":true,"href":"https:\/\/lideitalia.com\/pt\/wp-json\/wp\/v2\/media\/2966"}],"wp:attachment":[{"href":"https:\/\/lideitalia.com\/pt\/wp-json\/wp\/v2\/media?parent=2962"}],"wp:term":[{"taxonomy":"category","embeddable":true,"href":"https:\/\/lideitalia.com\/pt\/wp-json\/wp\/v2\/categories?post=2962"},{"taxonomy":"post_tag","embeddable":true,"href":"https:\/\/lideitalia.com\/pt\/wp-json\/wp\/v2\/tags?post=2962"}],"curies":[{"name":"wp","href":"https:\/\/api.w.org\/{rel}","templated":true}]}}