{"id":2956,"date":"2025-12-04T11:36:11","date_gmt":"2025-12-04T11:36:11","guid":{"rendered":"https:\/\/lideitalia.com\/?p=2956"},"modified":"2025-12-04T11:36:12","modified_gmt":"2025-12-04T11:36:12","slug":"lagroalimentare-e-la-sicurezza-alimentare-guidano-il-dialogo-tra-brasile-e-italia-nel-lide-brasile-italia-forum","status":"publish","type":"post","link":"https:\/\/lideitalia.com\/pt\/lagroalimentare-e-la-sicurezza-alimentare-guidano-il-dialogo-tra-brasile-e-italia-nel-lide-brasile-italia-forum\/","title":{"rendered":"Agroneg\u00f3cio e seguran\u00e7a alimentar lideram o di\u00e1logo entre Brasil e It\u00e1lia no F\u00f3rum LIDE Brasil-It\u00e1lia"},"content":{"rendered":"<p>O F\u00f3rum LIDE Brasil-It\u00e1lia, realizado em Roma, dedicou um de seus pain\u00e9is mais relevantes a um tema central para a economia global: o papel do agroneg\u00f3cio na seguran\u00e7a alimentar e as perspectivas de coopera\u00e7\u00e3o bilateral entre Brasil e It\u00e1lia. O painel&nbsp;<strong>\"As contribui\u00e7\u00f5es da agroind\u00fastria brasileira para a seguran\u00e7a alimentar global e as perspectivas de neg\u00f3cios no com\u00e9rcio bilateral Brasil-It\u00e1lia<\/strong>&nbsp;reuniu especialistas dos dois pa\u00edses para discutir desafios, oportunidades e estrat\u00e9gias para fortalecer as cadeias de produ\u00e7\u00e3o internacionais.<\/p>\n\n\n\n<p><strong>A agroind\u00fastria brasileira no centro das aten\u00e7\u00f5es internacionais<\/strong><\/p>\n\n\n\n<p>Os palestrantes brasileiros inclu\u00edram:<\/p>\n\n\n\n<p>-&nbsp;<strong>Roberto Rodrigues<\/strong>O ex-ministro da Agricultura e coordenador do FGVAgro \u00e9 uma figura de refer\u00eancia para o setor e sua vis\u00e3o estrat\u00e9gica sobre seguran\u00e7a alimentar.<\/p>\n\n\n\n<p>-&nbsp;<strong>Francisco Turra<\/strong>O Sr. Kubitschek, ex-ministro da Agricultura, \u00e9 um nome influente na promo\u00e7\u00e3o da produ\u00e7\u00e3o sustent\u00e1vel e na internacionaliza\u00e7\u00e3o da agroind\u00fastria brasileira.<\/p>\n\n\n\n<p>-&nbsp;<strong>Katya Abreu<\/strong>O Sr. Kolberg, ex-ministro da Agricultura e senador da Rep\u00fablica, \u00e9 uma voz ativa na moderniza\u00e7\u00e3o da produ\u00e7\u00e3o, na competitividade internacional e na agenda da sustentabilidade.<\/p>\n\n\n\n<p>A participa\u00e7\u00e3o brasileira destacou o papel central do pa\u00eds como ator global na produ\u00e7\u00e3o de alimentos e a crescente ado\u00e7\u00e3o de tecnologias para aumentar a produtividade e reduzir os impactos ambientais.<\/p>\n\n\n\n<p><strong>A It\u00e1lia pretende fortalecer a coopera\u00e7\u00e3o e o interc\u00e2mbio comercial<\/strong><\/p>\n\n\n\n<p>No lado italiano, eles participaram:<\/p>\n\n\n\n<p>-&nbsp;<strong>Guglielmo Auricchio,&nbsp;<\/strong>Presidente dos Jovens Empres\u00e1rios da Federalimentare<\/p>\n\n\n\n<p>A composi\u00e7\u00e3o italiana do painel destacou o crescente interesse em fortalecer o com\u00e9rcio bilateral, especialmente nas \u00e1reas de alimentos processados, tecnologia agr\u00edcola e coopera\u00e7\u00e3o em sustentabilidade.<\/p>\n\n\n\n<p><strong>Seguran\u00e7a alimentar global e sustentabilidade no centro do debate<\/strong><\/p>\n\n\n\n<p>O debate destacou como o agroneg\u00f3cio se tornou um pilar da agenda internacional de seguran\u00e7a alimentar. Com uma popula\u00e7\u00e3o mundial crescente e cadeias de suprimentos cada vez mais sens\u00edveis a crises geopol\u00edticas e mudan\u00e7as clim\u00e1ticas, pa\u00edses com forte capacidade de produ\u00e7\u00e3o - como o Brasil - t\u00eam um papel decisivo a desempenhar.<\/p>\n\n\n\n<p>Os palestrantes tamb\u00e9m abordaram t\u00f3picos como:<\/p>\n\n\n\n<p>- Caminhos para expandir a rastreabilidade e as certifica\u00e7\u00f5es ambientais.<\/p>\n\n\n\n<p>- Pr\u00e1ticas agr\u00edcolas sustent\u00e1veis adotadas pelo Brasil.<\/p>\n\n\n\n<p>- Oportunidades de complementaridade entre o setor de processamento italiano e a produ\u00e7\u00e3o agr\u00edcola brasileira.<\/p>\n\n\n\n<p>- A import\u00e2ncia de diversificar as rotas comerciais e fortalecer as parcerias estrat\u00e9gicas em um contexto global inst\u00e1vel.<\/p>\n\n\n\n<p><strong>Modera\u00e7\u00e3o e vis\u00e3o estrat\u00e9gica<\/strong><\/p>\n\n\n\n<p>A modera\u00e7\u00e3o foi confiada a&nbsp;<strong>Jo\u00e3o Doria Neto<\/strong>CEO do LIDE Global, e&nbsp;<strong>James Guarnera<\/strong>Presidente do LIDE It\u00e1lia, que conduziu a discuss\u00e3o com um forte foco no aprimoramento do di\u00e1logo econ\u00f4mico e na cria\u00e7\u00e3o de novas oportunidades bilaterais.<\/p>\n\n\n\n<p>Ambos enfatizaram que a seguran\u00e7a alimentar \u00e9 uma quest\u00e3o geopol\u00edtica crucial atualmente, e que o Brasil e a It\u00e1lia t\u00eam as condi\u00e7\u00f5es necess\u00e1rias para desenvolver projetos conjuntos que possam contribuir para a estabilidade e a inova\u00e7\u00e3o na cadeia alimentar global.<\/p>\n\n\n\n<p><strong>Brasil e It\u00e1lia avan\u00e7am na coopera\u00e7\u00e3o agroalimentar<\/strong><\/p>\n\n\n\n<p>O painel se consolidou como um dos momentos mais estrat\u00e9gicos do F\u00f3rum, mostrando que a coopera\u00e7\u00e3o entre Brasil e It\u00e1lia no setor agroalimentar tem um potencial significativo de crescimento nos pr\u00f3ximos anos. A combina\u00e7\u00e3o da expertise tecnol\u00f3gica italiana com a capacidade de produ\u00e7\u00e3o brasileira cria uma base s\u00f3lida para novas parcerias, investimentos e projetos de inova\u00e7\u00e3o sustent\u00e1vel.<\/p>\n\n\n\n<figure class=\"wp-block-gallery has-nested-images columns-default is-cropped wp-block-gallery-1 is-layout-flex wp-block-gallery-is-layout-flex\">\n<figure class=\"wp-block-image size-large\"><img loading=\"lazy\" decoding=\"async\" width=\"1024\" height=\"683\" data-id=\"2957\" src=\"https:\/\/lideitalia.com\/wp-content\/uploads\/2025\/12\/A7406823-1024x683.jpg\" alt=\"\" class=\"wp-image-2957\" srcset=\"https:\/\/lideitalia.com\/wp-content\/uploads\/2025\/12\/A7406823-1024x683.jpg 1024w, https:\/\/lideitalia.com\/wp-content\/uploads\/2025\/12\/A7406823-300x200.jpg 300w, https:\/\/lideitalia.com\/wp-content\/uploads\/2025\/12\/A7406823-768x512.jpg 768w, https:\/\/lideitalia.com\/wp-content\/uploads\/2025\/12\/A7406823-1536x1024.jpg 1536w, https:\/\/lideitalia.com\/wp-content\/uploads\/2025\/12\/A7406823-2048x1365.jpg 2048w, https:\/\/lideitalia.com\/wp-content\/uploads\/2025\/12\/A7406823-18x12.jpg 18w\" sizes=\"auto, (max-width: 1024px) 100vw, 1024px\" \/><\/figure>\n\n\n\n<figure class=\"wp-block-image size-large\"><img loading=\"lazy\" decoding=\"async\" width=\"1024\" height=\"683\" data-id=\"2958\" src=\"https:\/\/lideitalia.com\/wp-content\/uploads\/2025\/12\/A7406943-1024x683.jpg\" alt=\"\" class=\"wp-image-2958\" srcset=\"https:\/\/lideitalia.com\/wp-content\/uploads\/2025\/12\/A7406943-1024x683.jpg 1024w, https:\/\/lideitalia.com\/wp-content\/uploads\/2025\/12\/A7406943-300x200.jpg 300w, https:\/\/lideitalia.com\/wp-content\/uploads\/2025\/12\/A7406943-768x512.jpg 768w, https:\/\/lideitalia.com\/wp-content\/uploads\/2025\/12\/A7406943-1536x1024.jpg 1536w, https:\/\/lideitalia.com\/wp-content\/uploads\/2025\/12\/A7406943-2048x1365.jpg 2048w, https:\/\/lideitalia.com\/wp-content\/uploads\/2025\/12\/A7406943-18x12.jpg 18w\" sizes=\"auto, (max-width: 1024px) 100vw, 1024px\" \/><\/figure>\n\n\n\n<figure class=\"wp-block-image size-large\"><img loading=\"lazy\" decoding=\"async\" width=\"1024\" height=\"683\" data-id=\"2959\" src=\"https:\/\/lideitalia.com\/wp-content\/uploads\/2025\/12\/A7406842-1024x683.jpg\" alt=\"\" class=\"wp-image-2959\" srcset=\"https:\/\/lideitalia.com\/wp-content\/uploads\/2025\/12\/A7406842-1024x683.jpg 1024w, https:\/\/lideitalia.com\/wp-content\/uploads\/2025\/12\/A7406842-300x200.jpg 300w, https:\/\/lideitalia.com\/wp-content\/uploads\/2025\/12\/A7406842-768x512.jpg 768w, https:\/\/lideitalia.com\/wp-content\/uploads\/2025\/12\/A7406842-1536x1024.jpg 1536w, https:\/\/lideitalia.com\/wp-content\/uploads\/2025\/12\/A7406842-2048x1365.jpg 2048w, https:\/\/lideitalia.com\/wp-content\/uploads\/2025\/12\/A7406842-18x12.jpg 18w\" sizes=\"auto, (max-width: 1024px) 100vw, 1024px\" \/><\/figure>\n\n\n\n<figure class=\"wp-block-image size-large\"><img loading=\"lazy\" decoding=\"async\" width=\"1024\" height=\"683\" data-id=\"2960\" src=\"https:\/\/lideitalia.com\/wp-content\/uploads\/2025\/12\/A7406926-1024x683.jpg\" alt=\"\" class=\"wp-image-2960\" srcset=\"https:\/\/lideitalia.com\/wp-content\/uploads\/2025\/12\/A7406926-1024x683.jpg 1024w, https:\/\/lideitalia.com\/wp-content\/uploads\/2025\/12\/A7406926-300x200.jpg 300w, https:\/\/lideitalia.com\/wp-content\/uploads\/2025\/12\/A7406926-768x512.jpg 768w, https:\/\/lideitalia.com\/wp-content\/uploads\/2025\/12\/A7406926-1536x1024.jpg 1536w, https:\/\/lideitalia.com\/wp-content\/uploads\/2025\/12\/A7406926-2048x1365.jpg 2048w, https:\/\/lideitalia.com\/wp-content\/uploads\/2025\/12\/A7406926-18x12.jpg 18w\" sizes=\"auto, (max-width: 1024px) 100vw, 1024px\" \/><\/figure>\n<\/figure>\n\n\n\n<p><\/p>","protected":false},"excerpt":{"rendered":"<p>O F\u00f3rum LIDE Brasil-It\u00e1lia, realizado em Roma, dedicou um de seus pain\u00e9is mais relevantes a um tema central para a economia global: o papel do agroneg\u00f3cio na seguran\u00e7a alimentar e as perspectivas de coopera\u00e7\u00e3o bilateral entre Brasil e It\u00e1lia. O painel \"As Contribui\u00e7\u00f5es da Agroind\u00fastria Brasileira para a Seguran\u00e7a Alimentar Global e as Perspectivas de Neg\u00f3cios no Com\u00e9rcio Bilateral Brasil-It\u00e1lia\" reuniu [...].<\/p>","protected":false},"author":1,"featured_media":2961,"comment_status":"open","ping_status":"open","sticky":false,"template":"","format":"standard","meta":{"footnotes":""},"categories":[10,8],"tags":[],"class_list":["post-2956","post","type-post","status-publish","format-standard","has-post-thumbnail","hentry","category-eventi","category-news"],"acf":[],"_links":{"self":[{"href":"https:\/\/lideitalia.com\/pt\/wp-json\/wp\/v2\/posts\/2956","targetHints":{"allow":["GET"]}}],"collection":[{"href":"https:\/\/lideitalia.com\/pt\/wp-json\/wp\/v2\/posts"}],"about":[{"href":"https:\/\/lideitalia.com\/pt\/wp-json\/wp\/v2\/types\/post"}],"author":[{"embeddable":true,"href":"https:\/\/lideitalia.com\/pt\/wp-json\/wp\/v2\/users\/1"}],"replies":[{"embeddable":true,"href":"https:\/\/lideitalia.com\/pt\/wp-json\/wp\/v2\/comments?post=2956"}],"version-history":[{"count":1,"href":"https:\/\/lideitalia.com\/pt\/wp-json\/wp\/v2\/posts\/2956\/revisions"}],"predecessor-version":[{"id":2963,"href":"https:\/\/lideitalia.com\/pt\/wp-json\/wp\/v2\/posts\/2956\/revisions\/2963"}],"wp:featuredmedia":[{"embeddable":true,"href":"https:\/\/lideitalia.com\/pt\/wp-json\/wp\/v2\/media\/2961"}],"wp:attachment":[{"href":"https:\/\/lideitalia.com\/pt\/wp-json\/wp\/v2\/media?parent=2956"}],"wp:term":[{"taxonomy":"category","embeddable":true,"href":"https:\/\/lideitalia.com\/pt\/wp-json\/wp\/v2\/categories?post=2956"},{"taxonomy":"post_tag","embeddable":true,"href":"https:\/\/lideitalia.com\/pt\/wp-json\/wp\/v2\/tags?post=2956"}],"curies":[{"name":"wp","href":"https:\/\/api.w.org\/{rel}","templated":true}]}}