{"id":2950,"date":"2025-12-04T11:33:49","date_gmt":"2025-12-04T11:33:49","guid":{"rendered":"https:\/\/lideitalia.com\/?p=2950"},"modified":"2025-12-04T18:03:35","modified_gmt":"2025-12-04T18:03:35","slug":"la-cooperazione-nellenergia-pulita-e-nelle-risorse-strategiche-segna-il-terzo-panel-del-forum-lide-a-roma","status":"publish","type":"post","link":"https:\/\/lideitalia.com\/pt\/la-cooperazione-nellenergia-pulita-e-nelle-risorse-strategiche-segna-il-terzo-panel-del-forum-lide-a-roma\/","title":{"rendered":"Coopera\u00e7\u00e3o em energia limpa e recursos estrat\u00e9gicos marca o terceiro painel do F\u00f3rum LIDE em Roma"},"content":{"rendered":"<p>O F\u00f3rum LIDE Brasil-It\u00e1lia, realizado em Roma, trouxe para o centro do debate internacional um dos temas mais cruciais para o futuro econ\u00f4mico global: a transi\u00e7\u00e3o energ\u00e9tica e o papel dos minerais estrat\u00e9gicos na nova configura\u00e7\u00e3o das cadeias de valor. O painel&nbsp;<strong>\"Transi\u00e7\u00e3o energ\u00e9tica e minerais estrat\u00e9gicos: iniciativas e coopera\u00e7\u00e3o bilateral\".<\/strong>&nbsp;reuniu autoridades brasileiras e italianas para discutir desafios, oportunidades e sinergias entre os dois pa\u00edses.<\/p>\n\n\n\n<p><strong>Autoridades discutem caminhos para uma nova matriz energ\u00e9tica<\/strong><\/p>\n\n\n\n<p>Os palestrantes brasileiros inclu\u00edram:<\/p>\n\n\n\n<p>-&nbsp;<strong>Veneziano Vital do R\u00eago<\/strong>Senador (MDB-PB) e membro da Comiss\u00e3o de Assuntos Econ\u00f4micos<\/p>\n\n\n\n<p>-&nbsp;<strong>Jean Paul Prates<\/strong>Ex-presidente da Petrobras e senador da Rep\u00fablica (2019-2023)<\/p>\n\n\n\n<p>-&nbsp;<strong>H\u00e9lio Costa<\/strong>Presidente do Conselho de Administra\u00e7\u00e3o da Light e ex-ministro das Comunica\u00e7\u00f5es<\/p>\n\n\n\n<p>-&nbsp;<strong>Roberto Giannetti<\/strong>Diretor de Com\u00e9rcio Exterior do LIDE<\/p>\n\n\n\n<p>Da It\u00e1lia, estavam presentes:<\/p>\n\n\n\n<p>-&nbsp;<strong>Tommaso Cassata<\/strong>, Conselheiro Geral da Sicindustria<\/p>\n\n\n\n<p>-&nbsp;<strong>Riccardo Pozzi<\/strong>Diretor da Enel It\u00e1lia<\/p>\n\n\n\n<p>A composi\u00e7\u00e3o diversificada refor\u00e7ou a relev\u00e2ncia do tema e a busca de estrat\u00e9gias conjuntas para acelerar a transi\u00e7\u00e3o energ\u00e9tica.<\/p>\n\n\n\n<p><strong>Minerais cr\u00edticos e seguran\u00e7a energ\u00e9tica no centro do debate<\/strong><\/p>\n\n\n\n<p>Os participantes destacaram a crescente demanda global por minerais estrat\u00e9gicos - como l\u00edtio, n\u00edquel, cobre e terras raras - essenciais para tecnologias de baixa emiss\u00e3o, baterias avan\u00e7adas e infraestrutura de energia renov\u00e1vel. Nesse contexto, o Brasil e a It\u00e1lia compartilham interesses complementares: o Brasil tem um forte potencial para a produ\u00e7\u00e3o e diversifica\u00e7\u00e3o de minerais, enquanto a It\u00e1lia concentra conhecimentos industriais, tecnol\u00f3gicos e de processamento.<\/p>\n\n\n\n<p>Al\u00e9m da seguran\u00e7a energ\u00e9tica, o debate tamb\u00e9m abordou a necessidade de cadeias de produ\u00e7\u00e3o mais sustent\u00e1veis e a integra\u00e7\u00e3o de crit\u00e9rios de ESG nos processos de extra\u00e7\u00e3o, processamento e utiliza\u00e7\u00e3o de recursos naturais.<\/p>\n\n\n\n<p><strong>Inova\u00e7\u00e3o, investimento e integra\u00e7\u00e3o bilateral<\/strong><\/p>\n\n\n\n<p>Outro ponto central discutido foi o fortalecimento da coopera\u00e7\u00e3o tecnol\u00f3gica entre os dois pa\u00edses, especialmente em \u00e1reas como redes inteligentes, mobilidade el\u00e9trica, sistemas de armazenamento e digitaliza\u00e7\u00e3o da infraestrutura de energia.<\/p>\n\n\n\n<p>A perspectiva legislativa - representada por parlamentares brasileiros - enfatizou a import\u00e2ncia de estruturas regulat\u00f3rias modernas capazes de garantir a estabilidade, atrair investimentos e estimular projetos de inova\u00e7\u00e3o. Os representantes italianos, por outro lado, destacaram o crescente interesse das empresas europeias em parcerias estrat\u00e9gicas com o Brasil, tanto no campo da energia renov\u00e1vel quanto na cadeia de minerais cr\u00edticos.<\/p>\n\n\n\n<p><strong>Modera\u00e7\u00e3o e vis\u00e3o estrat\u00e9gica d<\/strong><strong>i<\/strong><strong>&nbsp;LIDE<\/strong><\/p>\n\n\n\n<p>O painel foi moderado por&nbsp;<strong>Jo\u00e3o Doria Neto<\/strong>CEO do LIDE Global, e por&nbsp;<strong>James Guarnera<\/strong>Presidente do LIDE It\u00e1lia, que ressaltou a import\u00e2ncia de consolidar o di\u00e1logo entre o Brasil e a It\u00e1lia para enfrentar os desafios que afetam a competitividade global e o desenvolvimento sustent\u00e1vel.<\/p>\n\n\n\n<p>Ambos enfatizaram que a transi\u00e7\u00e3o energ\u00e9tica n\u00e3o \u00e9 apenas um imperativo ambiental, mas tamb\u00e9m uma oportunidade econ\u00f4mica capaz de redefinir modelos de neg\u00f3cios, atrair novos investimentos e estimular a inova\u00e7\u00e3o.<\/p>\n\n\n\n<p><strong>Brasil e It\u00e1lia avan\u00e7am no di\u00e1logo sobre sustentabilidade e energia<\/strong><\/p>\n\n\n\n<p>O painel se estabeleceu como um dos momentos mais estrat\u00e9gicos do F\u00f3rum LIDE Brasil-It\u00e1lia, refor\u00e7ando o compromisso de ambas as na\u00e7\u00f5es com uma agenda energ\u00e9tica mais limpa, moderna e integrada. As discuss\u00f5es demonstraram que a coopera\u00e7\u00e3o bilateral pode acelerar o progresso estrutural e posicionar o Brasil e a It\u00e1lia como atores-chave na economia verde global.<\/p>\n\n\n\n<figure class=\"wp-block-gallery has-nested-images columns-default is-cropped wp-block-gallery-1 is-layout-flex wp-block-gallery-is-layout-flex\">\n<figure class=\"wp-block-image size-large\"><img loading=\"lazy\" decoding=\"async\" width=\"1024\" height=\"683\" data-id=\"2953\" src=\"https:\/\/lideitalia.com\/wp-content\/uploads\/2025\/12\/A7406914-1024x683.jpg\" alt=\"\" class=\"wp-image-2953\" srcset=\"https:\/\/lideitalia.com\/wp-content\/uploads\/2025\/12\/A7406914-1024x683.jpg 1024w, https:\/\/lideitalia.com\/wp-content\/uploads\/2025\/12\/A7406914-300x200.jpg 300w, https:\/\/lideitalia.com\/wp-content\/uploads\/2025\/12\/A7406914-768x512.jpg 768w, https:\/\/lideitalia.com\/wp-content\/uploads\/2025\/12\/A7406914-1536x1024.jpg 1536w, https:\/\/lideitalia.com\/wp-content\/uploads\/2025\/12\/A7406914-2048x1365.jpg 2048w, https:\/\/lideitalia.com\/wp-content\/uploads\/2025\/12\/A7406914-18x12.jpg 18w\" sizes=\"auto, (max-width: 1024px) 100vw, 1024px\" \/><\/figure>\n\n\n\n<figure class=\"wp-block-image size-large\"><img loading=\"lazy\" decoding=\"async\" width=\"1024\" height=\"683\" data-id=\"2951\" src=\"https:\/\/lideitalia.com\/wp-content\/uploads\/2025\/12\/A7406860-1024x683.jpg\" alt=\"\" class=\"wp-image-2951\" srcset=\"https:\/\/lideitalia.com\/wp-content\/uploads\/2025\/12\/A7406860-1024x683.jpg 1024w, https:\/\/lideitalia.com\/wp-content\/uploads\/2025\/12\/A7406860-300x200.jpg 300w, https:\/\/lideitalia.com\/wp-content\/uploads\/2025\/12\/A7406860-768x512.jpg 768w, https:\/\/lideitalia.com\/wp-content\/uploads\/2025\/12\/A7406860-1536x1024.jpg 1536w, https:\/\/lideitalia.com\/wp-content\/uploads\/2025\/12\/A7406860-2048x1365.jpg 2048w, https:\/\/lideitalia.com\/wp-content\/uploads\/2025\/12\/A7406860-18x12.jpg 18w\" sizes=\"auto, (max-width: 1024px) 100vw, 1024px\" \/><\/figure>\n\n\n\n<figure class=\"wp-block-image size-large\"><img loading=\"lazy\" decoding=\"async\" width=\"1024\" height=\"683\" data-id=\"2952\" src=\"https:\/\/lideitalia.com\/wp-content\/uploads\/2025\/12\/A7406572-1024x683.jpg\" alt=\"\" class=\"wp-image-2952\" srcset=\"https:\/\/lideitalia.com\/wp-content\/uploads\/2025\/12\/A7406572-1024x683.jpg 1024w, https:\/\/lideitalia.com\/wp-content\/uploads\/2025\/12\/A7406572-300x200.jpg 300w, https:\/\/lideitalia.com\/wp-content\/uploads\/2025\/12\/A7406572-768x512.jpg 768w, https:\/\/lideitalia.com\/wp-content\/uploads\/2025\/12\/A7406572-1536x1024.jpg 1536w, https:\/\/lideitalia.com\/wp-content\/uploads\/2025\/12\/A7406572-2048x1365.jpg 2048w, https:\/\/lideitalia.com\/wp-content\/uploads\/2025\/12\/A7406572-18x12.jpg 18w\" sizes=\"auto, (max-width: 1024px) 100vw, 1024px\" \/><\/figure>\n<\/figure>\n\n\n\n<p><\/p>","protected":false},"excerpt":{"rendered":"<p>O F\u00f3rum LIDE Brasil-It\u00e1lia, realizado em Roma, trouxe para o centro do debate internacional um dos temas mais cruciais para o futuro econ\u00f4mico global: a transi\u00e7\u00e3o energ\u00e9tica e o papel dos minerais estrat\u00e9gicos na nova configura\u00e7\u00e3o das cadeias de valor. O painel \"Transi\u00e7\u00e3o Energ\u00e9tica e Minerais Estrat\u00e9gicos: Iniciativas e Coopera\u00e7\u00e3o Bilateral\" reuniu autoridades brasileiras e italianas [...].<\/p>","protected":false},"author":1,"featured_media":2970,"comment_status":"open","ping_status":"open","sticky":false,"template":"","format":"standard","meta":{"footnotes":""},"categories":[10,8],"tags":[],"class_list":["post-2950","post","type-post","status-publish","format-standard","has-post-thumbnail","hentry","category-eventi","category-news"],"acf":[],"_links":{"self":[{"href":"https:\/\/lideitalia.com\/pt\/wp-json\/wp\/v2\/posts\/2950","targetHints":{"allow":["GET"]}}],"collection":[{"href":"https:\/\/lideitalia.com\/pt\/wp-json\/wp\/v2\/posts"}],"about":[{"href":"https:\/\/lideitalia.com\/pt\/wp-json\/wp\/v2\/types\/post"}],"author":[{"embeddable":true,"href":"https:\/\/lideitalia.com\/pt\/wp-json\/wp\/v2\/users\/1"}],"replies":[{"embeddable":true,"href":"https:\/\/lideitalia.com\/pt\/wp-json\/wp\/v2\/comments?post=2950"}],"version-history":[{"count":1,"href":"https:\/\/lideitalia.com\/pt\/wp-json\/wp\/v2\/posts\/2950\/revisions"}],"predecessor-version":[{"id":2955,"href":"https:\/\/lideitalia.com\/pt\/wp-json\/wp\/v2\/posts\/2950\/revisions\/2955"}],"wp:featuredmedia":[{"embeddable":true,"href":"https:\/\/lideitalia.com\/pt\/wp-json\/wp\/v2\/media\/2970"}],"wp:attachment":[{"href":"https:\/\/lideitalia.com\/pt\/wp-json\/wp\/v2\/media?parent=2950"}],"wp:term":[{"taxonomy":"category","embeddable":true,"href":"https:\/\/lideitalia.com\/pt\/wp-json\/wp\/v2\/categories?post=2950"},{"taxonomy":"post_tag","embeddable":true,"href":"https:\/\/lideitalia.com\/pt\/wp-json\/wp\/v2\/tags?post=2950"}],"curies":[{"name":"wp","href":"https:\/\/api.w.org\/{rel}","templated":true}]}}