{"id":2943,"date":"2025-12-04T11:29:02","date_gmt":"2025-12-04T11:29:02","guid":{"rendered":"https:\/\/lideitalia.com\/?p=2943"},"modified":"2025-12-04T11:29:03","modified_gmt":"2025-12-04T11:29:03","slug":"il-secondo-panel-del-lide-brasile-italia-forum-evidenzia-nuove-vie-per-migliorare-il-controllo-climatico-tra-brasile-e-italia","status":"publish","type":"post","link":"https:\/\/lideitalia.com\/pt\/il-secondo-panel-del-lide-brasile-italia-forum-evidenzia-nuove-vie-per-migliorare-il-controllo-climatico-tra-brasile-e-italia\/","title":{"rendered":"Segundo painel do F\u00f3rum LIDE Brasil-It\u00e1lia destaca novas formas de melhorar o controle clim\u00e1tico entre o Brasil e a It\u00e1lia"},"content":{"rendered":"<p>O F\u00f3rum LIDE Brasil-It\u00e1lia promoveu um debate de alto n\u00edvel em Roma sobre uma das quest\u00f5es mais urgentes da agenda global: o aprimoramento das pol\u00edticas de controle clim\u00e1tico. O painel&nbsp;<strong>\"<\/strong><strong>Contribui\u00e7\u00f5es para aprimoramento<\/strong><strong>&nbsp;de&nbsp;<\/strong><strong>c<\/strong><strong>Controle&nbsp;<\/strong><strong>c<\/strong><strong>lim\u00e1tico<\/strong>&nbsp;reuniu autoridades brasileiras e italianas, al\u00e9m de representantes do setor empresarial, para discutir solu\u00e7\u00f5es concretas, coopera\u00e7\u00e3o internacional e oportunidades de inova\u00e7\u00e3o na esfera sustent\u00e1vel.<\/p>\n\n\n\n<p><strong>Autoridades e especialistas discutem solu\u00e7\u00f5es clim\u00e1ticas<\/strong><\/p>\n\n\n\n<p>Os palestrantes brasileiros inclu\u00edram:<\/p>\n\n\n\n<p>-&nbsp;<strong>Weverton<\/strong><strong>&nbsp;Rocha<\/strong>Senador (PDT-MA) e membro da Frente Parlamentar de Apoio ao Investimento Estrangeiro no Brasil<\/p>\n\n\n\n<p>-&nbsp;<strong>Ricardo Barros<\/strong>Membro do Parlamento Federal (PP-PR)<\/p>\n\n\n\n<p>-&nbsp;<strong>Kennedy Alencar<\/strong>Diretor de Rela\u00e7\u00f5es Institucionais da Vale<\/p>\n\n\n\n<p>No lado italiano, eles estavam presentes:<\/p>\n\n\n\n<p>-&nbsp;<strong>Antonella Cavallari<\/strong>Secret\u00e1rio Geral do IILA - Instituto \u00cdtalo-latino-americano<\/p>\n\n\n\n<p>-&nbsp;<strong>Gianni Lattanzio<\/strong>Presidente da CONFASSOCIAZIONI International<\/p>\n\n\n\n<p>-&nbsp;<strong>Paolo Cont<\/strong><strong>a<\/strong>Presidente da Confindustria Canavese<\/p>\n\n\n\n<p>A pluralidade de perspectivas enriqueceu o debate, combinando vis\u00e3o pol\u00edtica, conhecimento t\u00e9cnico e experi\u00eancia do setor de produ\u00e7\u00e3o.<\/p>\n\n\n\n<p><strong>Transi\u00e7\u00e3o energ\u00e9tica, inova\u00e7\u00e3o e coopera\u00e7\u00e3o internacional<\/strong><\/p>\n\n\n\n<p>Durante o painel, os participantes enfatizaram a necessidade de avan\u00e7ar em dire\u00e7\u00e3o a pol\u00edticas que integrem desenvolvimento econ\u00f4mico e responsabilidade ambiental. A transi\u00e7\u00e3o energ\u00e9tica foi mencionada como um elemento central, especialmente \u00e0 luz das press\u00f5es globais para reduzir as emiss\u00f5es e adotar tecnologias limpas.<\/p>\n\n\n\n<p>Os representantes italianos mencionaram o papel da coopera\u00e7\u00e3o europeia em projetos de sustentabilidade e a promo\u00e7\u00e3o de cadeias de produ\u00e7\u00e3o mais eficientes. Os l\u00edderes brasileiros, por outro lado, destacaram as iniciativas legislativas, as possibilidades de atrair investimentos estrangeiros e o grande potencial do Brasil em energias renov\u00e1veis - incluindo hidrog\u00eanio verde, energia solar e biomassa.<\/p>\n\n\n\n<p>A Vale, como empresa patrocinadora do painel, apresentou sua vis\u00e3o sobre descarboniza\u00e7\u00e3o e metas ESG, enfatizando os esfor\u00e7os dedicados \u00e0 inova\u00e7\u00e3o tecnol\u00f3gica e \u00e0 mitiga\u00e7\u00e3o de impactos ambientais em suas opera\u00e7\u00f5es globais.<\/p>\n\n\n\n<p><strong>Modera\u00e7\u00e3o e vis\u00e3o estrat\u00e9gica do LIDE<\/strong><\/p>\n\n\n\n<p>O painel foi moderado por&nbsp;<strong>Jo\u00e3o Doria Neto<\/strong>CEO do LIDE Global, e por&nbsp;<strong>James Guarnera<\/strong>Presidente do LIDE It\u00e1lia, que enfatizou a import\u00e2ncia do di\u00e1logo cont\u00ednuo entre pa\u00edses e setores para enfrentar os desafios clim\u00e1ticos que transcendem quaisquer fronteiras nacionais.<\/p>\n\n\n\n<p>Ambos enfatizaram que a agenda ambiental n\u00e3o \u00e9 apenas uma quest\u00e3o regulat\u00f3ria, mas tamb\u00e9m uma oportunidade estrat\u00e9gica para atrair investimentos, modernizar as cadeias de produ\u00e7\u00e3o e fortalecer a competitividade internacional.<\/p>\n\n\n\n<p><strong>Compromisso bilateral com a sustentabilidade<\/strong><\/p>\n\n\n\n<p>O debate refor\u00e7ou o compromisso do LIDE em promover iniciativas que unam empresas, institui\u00e7\u00f5es e especialistas na constru\u00e7\u00e3o de solu\u00e7\u00f5es concretas no campo da sustentabilidade. O painel mostrou que o Brasil e a It\u00e1lia compartilham interesses convergentes - desde a transi\u00e7\u00e3o energ\u00e9tica at\u00e9 o fortalecimento de parcerias tecnol\u00f3gicas - e podem avan\u00e7ar juntos na cria\u00e7\u00e3o de pol\u00edticas e modelos de neg\u00f3cios orientados para a inova\u00e7\u00e3o, efici\u00eancia e responsabilidade ambiental.<\/p>\n\n\n\n<p>Com contribui\u00e7\u00f5es t\u00e9cnicas e vis\u00f5es complementares, o painel se estabeleceu como um dos momentos mais significativos do f\u00f3rum, reafirmando a urg\u00eancia e a centralidade da quest\u00e3o clim\u00e1tica nas rela\u00e7\u00f5es bilaterais contempor\u00e2neas.<\/p>\n\n\n\n<figure class=\"wp-block-gallery has-nested-images columns-default is-cropped wp-block-gallery-1 is-layout-flex wp-block-gallery-is-layout-flex\">\n<figure class=\"wp-block-image size-large\"><img loading=\"lazy\" decoding=\"async\" width=\"1024\" height=\"683\" data-id=\"2945\" src=\"https:\/\/lideitalia.com\/wp-content\/uploads\/2025\/12\/A7406361-1024x683.jpg\" alt=\"\" class=\"wp-image-2945\" srcset=\"https:\/\/lideitalia.com\/wp-content\/uploads\/2025\/12\/A7406361-1024x683.jpg 1024w, https:\/\/lideitalia.com\/wp-content\/uploads\/2025\/12\/A7406361-300x200.jpg 300w, https:\/\/lideitalia.com\/wp-content\/uploads\/2025\/12\/A7406361-768x512.jpg 768w, https:\/\/lideitalia.com\/wp-content\/uploads\/2025\/12\/A7406361-1536x1024.jpg 1536w, https:\/\/lideitalia.com\/wp-content\/uploads\/2025\/12\/A7406361-2048x1365.jpg 2048w, https:\/\/lideitalia.com\/wp-content\/uploads\/2025\/12\/A7406361-18x12.jpg 18w\" sizes=\"auto, (max-width: 1024px) 100vw, 1024px\" \/><\/figure>\n\n\n\n<figure class=\"wp-block-image size-large\"><img loading=\"lazy\" decoding=\"async\" width=\"1024\" height=\"683\" data-id=\"2944\" src=\"https:\/\/lideitalia.com\/wp-content\/uploads\/2025\/12\/A7406507-1024x683.jpg\" alt=\"\" class=\"wp-image-2944\" srcset=\"https:\/\/lideitalia.com\/wp-content\/uploads\/2025\/12\/A7406507-1024x683.jpg 1024w, https:\/\/lideitalia.com\/wp-content\/uploads\/2025\/12\/A7406507-300x200.jpg 300w, https:\/\/lideitalia.com\/wp-content\/uploads\/2025\/12\/A7406507-768x512.jpg 768w, https:\/\/lideitalia.com\/wp-content\/uploads\/2025\/12\/A7406507-1536x1024.jpg 1536w, https:\/\/lideitalia.com\/wp-content\/uploads\/2025\/12\/A7406507-2048x1365.jpg 2048w, https:\/\/lideitalia.com\/wp-content\/uploads\/2025\/12\/A7406507-18x12.jpg 18w\" sizes=\"auto, (max-width: 1024px) 100vw, 1024px\" \/><\/figure>\n\n\n\n<figure class=\"wp-block-image size-large\"><img loading=\"lazy\" decoding=\"async\" width=\"1024\" height=\"683\" data-id=\"2947\" src=\"https:\/\/lideitalia.com\/wp-content\/uploads\/2025\/12\/A7406411-1024x683.jpg\" alt=\"\" class=\"wp-image-2947\" srcset=\"https:\/\/lideitalia.com\/wp-content\/uploads\/2025\/12\/A7406411-1024x683.jpg 1024w, https:\/\/lideitalia.com\/wp-content\/uploads\/2025\/12\/A7406411-300x200.jpg 300w, https:\/\/lideitalia.com\/wp-content\/uploads\/2025\/12\/A7406411-768x512.jpg 768w, https:\/\/lideitalia.com\/wp-content\/uploads\/2025\/12\/A7406411-1536x1024.jpg 1536w, https:\/\/lideitalia.com\/wp-content\/uploads\/2025\/12\/A7406411-2048x1365.jpg 2048w, https:\/\/lideitalia.com\/wp-content\/uploads\/2025\/12\/A7406411-18x12.jpg 18w\" sizes=\"auto, (max-width: 1024px) 100vw, 1024px\" \/><\/figure>\n\n\n\n<figure class=\"wp-block-image size-large\"><img loading=\"lazy\" decoding=\"async\" width=\"1024\" height=\"683\" data-id=\"2946\" src=\"https:\/\/lideitalia.com\/wp-content\/uploads\/2025\/12\/A7406425-1024x683.jpg\" alt=\"\" class=\"wp-image-2946\" srcset=\"https:\/\/lideitalia.com\/wp-content\/uploads\/2025\/12\/A7406425-1024x683.jpg 1024w, https:\/\/lideitalia.com\/wp-content\/uploads\/2025\/12\/A7406425-300x200.jpg 300w, https:\/\/lideitalia.com\/wp-content\/uploads\/2025\/12\/A7406425-768x512.jpg 768w, https:\/\/lideitalia.com\/wp-content\/uploads\/2025\/12\/A7406425-1536x1024.jpg 1536w, https:\/\/lideitalia.com\/wp-content\/uploads\/2025\/12\/A7406425-2048x1365.jpg 2048w, https:\/\/lideitalia.com\/wp-content\/uploads\/2025\/12\/A7406425-18x12.jpg 18w\" sizes=\"auto, (max-width: 1024px) 100vw, 1024px\" \/><\/figure>\n<\/figure>","protected":false},"excerpt":{"rendered":"<p>O F\u00f3rum LIDE Brasil-It\u00e1lia promoveu um debate de alto n\u00edvel em Roma sobre uma das quest\u00f5es mais urgentes da agenda global: a melhoria das pol\u00edticas de controle clim\u00e1tico. O painel 'Contribui\u00e7\u00f5es para a Melhoria do Controle Clim\u00e1tico' reuniu autoridades brasileiras e italianas, al\u00e9m de representantes do setor empresarial, para discutir solu\u00e7\u00f5es concretas, coopera\u00e7\u00e3o internacional e oportunidades de inova\u00e7\u00e3o [...]<\/p>","protected":false},"author":1,"featured_media":2948,"comment_status":"open","ping_status":"open","sticky":false,"template":"","format":"standard","meta":{"footnotes":""},"categories":[10,8],"tags":[],"class_list":["post-2943","post","type-post","status-publish","format-standard","has-post-thumbnail","hentry","category-eventi","category-news"],"acf":[],"_links":{"self":[{"href":"https:\/\/lideitalia.com\/pt\/wp-json\/wp\/v2\/posts\/2943","targetHints":{"allow":["GET"]}}],"collection":[{"href":"https:\/\/lideitalia.com\/pt\/wp-json\/wp\/v2\/posts"}],"about":[{"href":"https:\/\/lideitalia.com\/pt\/wp-json\/wp\/v2\/types\/post"}],"author":[{"embeddable":true,"href":"https:\/\/lideitalia.com\/pt\/wp-json\/wp\/v2\/users\/1"}],"replies":[{"embeddable":true,"href":"https:\/\/lideitalia.com\/pt\/wp-json\/wp\/v2\/comments?post=2943"}],"version-history":[{"count":1,"href":"https:\/\/lideitalia.com\/pt\/wp-json\/wp\/v2\/posts\/2943\/revisions"}],"predecessor-version":[{"id":2949,"href":"https:\/\/lideitalia.com\/pt\/wp-json\/wp\/v2\/posts\/2943\/revisions\/2949"}],"wp:featuredmedia":[{"embeddable":true,"href":"https:\/\/lideitalia.com\/pt\/wp-json\/wp\/v2\/media\/2948"}],"wp:attachment":[{"href":"https:\/\/lideitalia.com\/pt\/wp-json\/wp\/v2\/media?parent=2943"}],"wp:term":[{"taxonomy":"category","embeddable":true,"href":"https:\/\/lideitalia.com\/pt\/wp-json\/wp\/v2\/categories?post=2943"},{"taxonomy":"post_tag","embeddable":true,"href":"https:\/\/lideitalia.com\/pt\/wp-json\/wp\/v2\/tags?post=2943"}],"curies":[{"name":"wp","href":"https:\/\/api.w.org\/{rel}","templated":true}]}}