{"id":2936,"date":"2025-12-04T11:24:34","date_gmt":"2025-12-04T11:24:34","guid":{"rendered":"https:\/\/lideitalia.com\/?p=2936"},"modified":"2025-12-04T11:24:36","modified_gmt":"2025-12-04T11:24:36","slug":"il-lide-brasile-italia-forum-evidenzia-le-prospettive-economiche-del-nuovo-accordo-unione-europea-mercosur-a-roma","status":"publish","type":"post","link":"https:\/\/lideitalia.com\/pt\/il-lide-brasile-italia-forum-evidenzia-le-prospettive-economiche-del-nuovo-accordo-unione-europea-mercosur-a-roma\/","title":{"rendered":"O F\u00f3rum LIDE Brasil-It\u00e1lia destaca as perspectivas econ\u00f4micas do novo Acordo UE-Mercosul em Roma"},"content":{"rendered":"<p>No dia 25 de novembro, o F\u00f3rum LIDE Brasil-It\u00e1lia reuniu em Roma importantes l\u00edderes pol\u00edticos e empresariais dos dois pa\u00edses para discutir temas estrat\u00e9gicos da agenda bilateral. Entre os destaques, o painel&nbsp;<strong>\"Perspectivas econ\u00f4micas com o novo acordo UE-Mercosul\".<\/strong>&nbsp;atraiu grande aten\u00e7\u00e3o por abordar uma das quest\u00f5es mais importantes das rela\u00e7\u00f5es internacionais contempor\u00e2neas: o futuro do com\u00e9rcio e dos investimentos entre a Europa e a Am\u00e9rica Latina.<\/p>\n\n\n\n<p>Com um seleto grupo de autoridades italianas e brasileiras, o debate refor\u00e7ou a import\u00e2ncia de expandir a coopera\u00e7\u00e3o institucional e econ\u00f4mica, especialmente em um contexto global em constante mudan\u00e7a, com a redefini\u00e7\u00e3o progressiva das cadeias de valor.<\/p>\n\n\n\n<p><strong>Participa\u00e7\u00e3o de autoridades italianas e brasileiras<\/strong><\/p>\n\n\n\n<p>O painel contou com a presen\u00e7a de representantes de alto n\u00edvel do governo italiano, incluindo:<\/p>\n\n\n\n<p>-&nbsp;<strong>Amb.&nbsp;<\/strong><strong>Riccardo Guariglia<\/strong>Secret\u00e1rio Geral do Minist\u00e9rio das Rela\u00e7\u00f5es Exteriores<\/p>\n\n\n\n<p>-&nbsp;<strong>Ministro Francesco Lollobrigida,&nbsp;<\/strong>Ministro da Agricultura<\/p>\n\n\n\n<p>Para o Brasil, eles estavam presentes:<\/p>\n\n\n\n<p>-&nbsp;<strong>Hugo Motta<\/strong>Presidente da C\u00e2mara dos Deputados<\/p>\n\n\n\n<p>-&nbsp;<strong>Eduardo Gomes<\/strong>Vice-presidente do Senado Federal<\/p>\n\n\n\n<p>-&nbsp;<strong>Gilmar Mendes<\/strong>, Ministro do Supremo Tribunal Federal<\/p>\n\n\n\n<p>-&nbsp;<strong>Renato Mosca<\/strong>Embaixador do Brasil na It\u00e1lia<\/p>\n\n\n\n<p>Essa composi\u00e7\u00e3o de autoridade destacou o car\u00e1ter institucional da reuni\u00e3o e a relev\u00e2ncia do di\u00e1logo pol\u00edtico para fortalecer o ambiente de neg\u00f3cios entre a It\u00e1lia e o Brasil.<\/p>\n\n\n\n<p><strong>Economia, integra\u00e7\u00e3o e novas oportunidades<\/strong><\/p>\n\n\n\n<p>Durante o debate, os participantes analisaram os poss\u00edveis impactos da implementa\u00e7\u00e3o do Acordo UE-Mercosul, que vem sendo discutido h\u00e1 mais de duas d\u00e9cadas. A moderniza\u00e7\u00e3o regulat\u00f3ria, a redu\u00e7\u00e3o das barreiras comerciais e o est\u00edmulo ao investimento cruzado foram alguns dos pontos centrais abordados.<\/p>\n\n\n\n<p>As autoridades italianas destacaram o papel estrat\u00e9gico do Brasil como a principal economia da Am\u00e9rica do Sul, enfatizando sua for\u00e7a na agroind\u00fastria, na transi\u00e7\u00e3o energ\u00e9tica, no setor automotivo e na infraestrutura. Os representantes brasileiros, por sua vez, destacaram o potencial de atra\u00e7\u00e3o de investimentos europeus e a complementaridade econ\u00f4mica entre os dois blocos.<\/p>\n\n\n\n<p><strong>Roma como um centro de coopera\u00e7\u00e3o bilateral<\/strong><\/p>\n\n\n\n<p>O painel demonstrou uma vontade comum de avan\u00e7ar em dire\u00e7\u00e3o a estruturas regulat\u00f3rias mais modernas e consistentes com os desafios globais, incluindo a transi\u00e7\u00e3o energ\u00e9tica, a digitaliza\u00e7\u00e3o, a descarboniza\u00e7\u00e3o e a competitividade industrial.<\/p>\n\n\n\n<p><strong>Protagonismo LIDE Brasil-It\u00e1lia<\/strong><\/p>\n\n\n\n<p>Ao promover esse encontro, o LIDE confirma seu papel como uma plataforma estrat\u00e9gica para reunir empres\u00e1rios, institui\u00e7\u00f5es e investidores. O f\u00f3rum proporcionou um ambiente de alto n\u00edvel para troca de experi\u00eancias, discuss\u00f5es produtivas e cria\u00e7\u00e3o de novas oportunidades de coopera\u00e7\u00e3o.<\/p>\n\n\n\n<p>Com o apoio da empresa&nbsp;<strong>Banco BRB<\/strong>O evento consolidou Roma como um ponto de refer\u00eancia nas discuss\u00f5es sobre as rela\u00e7\u00f5es bilaterais e abriu novas perspectivas para os neg\u00f3cios entre a It\u00e1lia e o Brasil.<\/p>\n\n\n\n<p>O painel dedicado ao Acordo UE-Mercosul foi um dos destaques do programa e reafirmou o compromisso do LIDE em promover a conex\u00e3o, o di\u00e1logo e o desenvolvimento entre dois parceiros hist\u00f3ricos.<\/p>\n\n\n\n<figure class=\"wp-block-gallery has-nested-images columns-default is-cropped wp-block-gallery-1 is-layout-flex wp-block-gallery-is-layout-flex\">\n<figure class=\"wp-block-image size-large\"><img loading=\"lazy\" decoding=\"async\" width=\"1024\" height=\"683\" data-id=\"2938\" src=\"https:\/\/lideitalia.com\/wp-content\/uploads\/2025\/12\/A7406288-1024x683.jpg\" alt=\"\" class=\"wp-image-2938\" srcset=\"https:\/\/lideitalia.com\/wp-content\/uploads\/2025\/12\/A7406288-1024x683.jpg 1024w, https:\/\/lideitalia.com\/wp-content\/uploads\/2025\/12\/A7406288-300x200.jpg 300w, https:\/\/lideitalia.com\/wp-content\/uploads\/2025\/12\/A7406288-768x512.jpg 768w, https:\/\/lideitalia.com\/wp-content\/uploads\/2025\/12\/A7406288-1536x1024.jpg 1536w, https:\/\/lideitalia.com\/wp-content\/uploads\/2025\/12\/A7406288-2048x1365.jpg 2048w, https:\/\/lideitalia.com\/wp-content\/uploads\/2025\/12\/A7406288-18x12.jpg 18w\" sizes=\"auto, (max-width: 1024px) 100vw, 1024px\" \/><\/figure>\n\n\n\n<figure class=\"wp-block-image size-large\"><img loading=\"lazy\" decoding=\"async\" width=\"1024\" height=\"683\" data-id=\"2937\" src=\"https:\/\/lideitalia.com\/wp-content\/uploads\/2025\/12\/A7406256-1024x683.jpg\" alt=\"\" class=\"wp-image-2937\" srcset=\"https:\/\/lideitalia.com\/wp-content\/uploads\/2025\/12\/A7406256-1024x683.jpg 1024w, https:\/\/lideitalia.com\/wp-content\/uploads\/2025\/12\/A7406256-300x200.jpg 300w, https:\/\/lideitalia.com\/wp-content\/uploads\/2025\/12\/A7406256-768x512.jpg 768w, https:\/\/lideitalia.com\/wp-content\/uploads\/2025\/12\/A7406256-1536x1024.jpg 1536w, https:\/\/lideitalia.com\/wp-content\/uploads\/2025\/12\/A7406256-2048x1365.jpg 2048w, https:\/\/lideitalia.com\/wp-content\/uploads\/2025\/12\/A7406256-18x12.jpg 18w\" sizes=\"auto, (max-width: 1024px) 100vw, 1024px\" \/><\/figure>\n\n\n\n<figure class=\"wp-block-image size-large\"><img loading=\"lazy\" decoding=\"async\" width=\"1024\" height=\"683\" data-id=\"2939\" src=\"https:\/\/lideitalia.com\/wp-content\/uploads\/2025\/12\/A7406214-1024x683.jpg\" alt=\"\" class=\"wp-image-2939\" srcset=\"https:\/\/lideitalia.com\/wp-content\/uploads\/2025\/12\/A7406214-1024x683.jpg 1024w, https:\/\/lideitalia.com\/wp-content\/uploads\/2025\/12\/A7406214-300x200.jpg 300w, https:\/\/lideitalia.com\/wp-content\/uploads\/2025\/12\/A7406214-768x512.jpg 768w, https:\/\/lideitalia.com\/wp-content\/uploads\/2025\/12\/A7406214-1536x1024.jpg 1536w, https:\/\/lideitalia.com\/wp-content\/uploads\/2025\/12\/A7406214-2048x1365.jpg 2048w, https:\/\/lideitalia.com\/wp-content\/uploads\/2025\/12\/A7406214-18x12.jpg 18w\" sizes=\"auto, (max-width: 1024px) 100vw, 1024px\" \/><\/figure>\n\n\n\n<figure class=\"wp-block-image size-large\"><img loading=\"lazy\" decoding=\"async\" width=\"1024\" height=\"683\" data-id=\"2940\" src=\"https:\/\/lideitalia.com\/wp-content\/uploads\/2025\/12\/A7406281-1024x683.jpg\" alt=\"\" class=\"wp-image-2940\" srcset=\"https:\/\/lideitalia.com\/wp-content\/uploads\/2025\/12\/A7406281-1024x683.jpg 1024w, https:\/\/lideitalia.com\/wp-content\/uploads\/2025\/12\/A7406281-300x200.jpg 300w, https:\/\/lideitalia.com\/wp-content\/uploads\/2025\/12\/A7406281-768x512.jpg 768w, https:\/\/lideitalia.com\/wp-content\/uploads\/2025\/12\/A7406281-1536x1024.jpg 1536w, https:\/\/lideitalia.com\/wp-content\/uploads\/2025\/12\/A7406281-2048x1365.jpg 2048w, https:\/\/lideitalia.com\/wp-content\/uploads\/2025\/12\/A7406281-18x12.jpg 18w\" sizes=\"auto, (max-width: 1024px) 100vw, 1024px\" \/><\/figure>\n<\/figure>","protected":false},"excerpt":{"rendered":"<p>No \u00faltimo dia 25 de novembro, o F\u00f3rum LIDE Brasil-It\u00e1lia reuniu em Roma importantes l\u00edderes pol\u00edticos e empresariais dos dois pa\u00edses para discutir temas estrat\u00e9gicos da agenda bilateral. Entre os destaques, o painel \"Perspectivas Econ\u00f4micas com o Novo Acordo Uni\u00e3o Europeia-Mercosul\" atraiu grande aten\u00e7\u00e3o ao abordar uma das quest\u00f5es mais significativas das rela\u00e7\u00f5es internacionais contempor\u00e2neas: o [...]<\/p>","protected":false},"author":1,"featured_media":2941,"comment_status":"open","ping_status":"open","sticky":false,"template":"","format":"standard","meta":{"footnotes":""},"categories":[10,8],"tags":[],"class_list":["post-2936","post","type-post","status-publish","format-standard","has-post-thumbnail","hentry","category-eventi","category-news"],"acf":[],"_links":{"self":[{"href":"https:\/\/lideitalia.com\/pt\/wp-json\/wp\/v2\/posts\/2936","targetHints":{"allow":["GET"]}}],"collection":[{"href":"https:\/\/lideitalia.com\/pt\/wp-json\/wp\/v2\/posts"}],"about":[{"href":"https:\/\/lideitalia.com\/pt\/wp-json\/wp\/v2\/types\/post"}],"author":[{"embeddable":true,"href":"https:\/\/lideitalia.com\/pt\/wp-json\/wp\/v2\/users\/1"}],"replies":[{"embeddable":true,"href":"https:\/\/lideitalia.com\/pt\/wp-json\/wp\/v2\/comments?post=2936"}],"version-history":[{"count":1,"href":"https:\/\/lideitalia.com\/pt\/wp-json\/wp\/v2\/posts\/2936\/revisions"}],"predecessor-version":[{"id":2942,"href":"https:\/\/lideitalia.com\/pt\/wp-json\/wp\/v2\/posts\/2936\/revisions\/2942"}],"wp:featuredmedia":[{"embeddable":true,"href":"https:\/\/lideitalia.com\/pt\/wp-json\/wp\/v2\/media\/2941"}],"wp:attachment":[{"href":"https:\/\/lideitalia.com\/pt\/wp-json\/wp\/v2\/media?parent=2936"}],"wp:term":[{"taxonomy":"category","embeddable":true,"href":"https:\/\/lideitalia.com\/pt\/wp-json\/wp\/v2\/categories?post=2936"},{"taxonomy":"post_tag","embeddable":true,"href":"https:\/\/lideitalia.com\/pt\/wp-json\/wp\/v2\/tags?post=2936"}],"curies":[{"name":"wp","href":"https:\/\/api.w.org\/{rel}","templated":true}]}}