{"id":1956,"date":"2024-07-11T12:30:26","date_gmt":"2024-07-11T12:30:26","guid":{"rendered":"https:\/\/lideitalia.com\/pt\/?p=1956"},"modified":"2024-07-11T12:30:26","modified_gmt":"2024-07-11T12:30:26","slug":"rassegna-stampa","status":"publish","type":"post","link":"https:\/\/lideitalia.com\/pt\/rassegna-stampa\/","title":{"rendered":"Nota da imprensa do evento de inaugura\u00e7\u00e3o da CASA BRASILE (3 de julho de 2024, Mil\u00e3o)"},"content":{"rendered":"<p>[Atualizado em 10 de julho de 2024].<\/p>\n\n\n\n<p>V\u00e1rios jornais divulgaram a not\u00edcia da abertura da CASA BRASILE, o exclusivo hub de encontros no cora\u00e7\u00e3o de Mil\u00e3o para os neg\u00f3cios entre a It\u00e1lia e o Brasil.<\/p>\n\n\n\n<p>O novo espa\u00e7o est\u00e1 dispon\u00edvel para todos os executivos brasileiros e empresas associadas ao LIDE Global para explorar oportunidades de parceria entre as comunidades empresariais brasileira e italiana.<\/p>\n\n\n\n<p>Saiba mais: <a href=\"https:\/\/lideitalia.com\/pt\/casa-brasile\/\" target=\"_blank\" rel=\"noreferrer noopener\">https:\/\/lideitalia.com\/casa-brasile\/<\/a><\/p>\n\n\n\n<div class=\"wp-block-columns is-layout-flex wp-container-core-columns-is-layout-9d6595d7 wp-block-columns-is-layout-flex\">\n<div class=\"wp-block-column is-layout-flow wp-block-column-is-layout-flow\" style=\"flex-basis:100%\">\n<figure class=\"wp-block-gallery has-nested-images columns-default is-cropped wp-block-gallery-1 is-layout-flex wp-block-gallery-is-layout-flex\"><div class=\"wp-block-image\">\n<figure class=\"aligncenter size-large\"><a href=\"https:\/\/lideitalia.com\/wp-content\/uploads\/2024\/07\/articolo-veja.jpg\"><img loading=\"lazy\" decoding=\"async\" width=\"819\" height=\"1024\" data-id=\"1957\" src=\"https:\/\/lideitalia.com\/wp-content\/uploads\/2024\/07\/articolo-veja-819x1024.jpg\" alt=\"\" class=\"wp-image-1957\" srcset=\"https:\/\/lideitalia.com\/wp-content\/uploads\/2024\/07\/articolo-veja-819x1024.jpg 819w, https:\/\/lideitalia.com\/wp-content\/uploads\/2024\/07\/articolo-veja-240x300.jpg 240w, https:\/\/lideitalia.com\/wp-content\/uploads\/2024\/07\/articolo-veja-768x960.jpg 768w, https:\/\/lideitalia.com\/wp-content\/uploads\/2024\/07\/articolo-veja-10x12.jpg 10w, https:\/\/lideitalia.com\/wp-content\/uploads\/2024\/07\/articolo-veja.jpg 1024w\" sizes=\"auto, (max-width: 819px) 100vw, 819px\" \/><\/a><\/figure>\n<\/div><\/figure>\n<\/div>\n<\/div>\n\n\n\n<p>Abaixo est\u00e3o os artigos completos:<\/p>\n\n\n\n<p>Ansa Italia: <a href=\"https:\/\/www.ansa.it\/sito\/notizie\/mondo\/americalatina\/2024\/07\/02\/a-milano-lide-italia-apre-casa-brasile-a-manager-e-imprese_9c2d9df0-fe7b-4b4b-82ac-83cbc7e50394.html\" target=\"_blank\" rel=\"noreferrer noopener\">https:\/\/www.ansa.it\/sito\/notizie\/mondo\/americalatina\/2024\/07\/02\/a-milano-lide-italia-apre-casa-brasile-a-manager-e-imprese_9c2d9df0-fe7b-4b4b-82ac-83cbc7e50394.html<\/a><\/p>\n\n\n\n<p>Ansa Brasil: <a href=\"https:\/\/ansabrasil.com.br\/brasil\/noticias\/empresas\/2024\/07\/02\/em-milao-lide-italia-abre-casa-brasile-para-gestores-e-empresas_c7a0f1bd-b065-4915-8d33-6bdbd3bdf0b8.html\">https:\/\/ansabrasil.com.br\/brasil\/noticias\/empresas\/2024\/07\/02\/em-milao-lide-italia-abre-casa-brasile-para-gestores-e-<\/a><a href=\"https:\/\/ansabrasil.com.br\/brasil\/noticias\/empresas\/2024\/07\/02\/em-milao-lide-italia-abre-casa-brasile-para-gestores-e-empresas_c7a0f1bd-b065-4915-8d33-6bdbd3bdf0b8.html\" target=\"_blank\" rel=\"noreferrer noopener\">empresas_c7a0f1bd<\/a><a href=\"https:\/\/ansabrasil.com.br\/brasil\/noticias\/empresas\/2024\/07\/02\/em-milao-lide-italia-abre-casa-brasile-para-gestores-e-empresas_c7a0f1bd-b065-4915-8d33-6bdbd3bdf0b8.html\">-b065-4915-8d33-6bdbd3bdf0b8.html<\/a><\/p>\n\n\n\n<p>Veja: <a href=\"https:\/\/veja.abril.com.br\/coluna\/radar\/diplomatas-e-presidente-do-lide-italia-inauguram-hub-de-negocios-em-milao\/\" target=\"_blank\" rel=\"noreferrer noopener\">https:\/\/veja.abril.com.br\/coluna\/radar\/diplomatas-e-presidente-do-lide-italia-inauguram-hub-de-negocios-em-milao\/<\/a><\/p>\n\n\n\n<p>Roboreporter: <a href=\"https:\/\/roboreporter.it\/2024\/07\/03\/lide-italia-apre-un-nuovo-centro-a-milano-con-la-partecipazione-dellambasciatore-del-brasile\/\" target=\"_blank\" rel=\"noreferrer noopener\">https:\/\/roboreporter.it\/2024\/07\/03\/lide-italia-apre-un-nuovo-centro-a-milano-con-la-partecipazione-dellambasciatore-del-brasile\/<\/a><\/p>\n\n\n\n<p>Terra: <a href=\"https:\/\/www.terra.com.br\/diversao\/arte-e-cultura\/em-milao-lide-italia-abre-casa-brasile-para-gestores-e-empresas,e32459ee59c876b6fb37ed48dbb03ff62fuu1xpf.html\" target=\"_blank\" rel=\"noreferrer noopener\">https:\/\/www.terra.com.br\/diversao\/arte-e-cultura\/em-milao-lide-italia-abre-casa-brasile-para-gestores-e-empresas,e32459ee59c876b6fb37ed48dbb03ff62fuu1xpf.html<\/a><\/p>","protected":false},"excerpt":{"rendered":"<p>[Aggiornato al 10 luglio 2024] Diversi giornali hanno diffuso la notizia dell&#8217;apertura di CASA BRASILE, l&#8217;esclusivo network hub nel cuore di Milano per gli affari tra Italia e Brasile. Il nuovo spazio \u00e8 a disposizione di tutti i manager brasiliani e le Aziende aderenti a LIDE Global per approfondire le opportunit\u00e0 di partnership tra le [&hellip;]<\/p>","protected":false},"author":2,"featured_media":1959,"comment_status":"open","ping_status":"open","sticky":false,"template":"","format":"standard","meta":{"footnotes":""},"categories":[9],"tags":[11,7],"class_list":["post-1956","post","type-post","status-publish","format-standard","has-post-thumbnail","hentry","category-stampa","tag-eventi","tag-news"],"acf":[],"_links":{"self":[{"href":"https:\/\/lideitalia.com\/pt\/wp-json\/wp\/v2\/posts\/1956","targetHints":{"allow":["GET"]}}],"collection":[{"href":"https:\/\/lideitalia.com\/pt\/wp-json\/wp\/v2\/posts"}],"about":[{"href":"https:\/\/lideitalia.com\/pt\/wp-json\/wp\/v2\/types\/post"}],"author":[{"embeddable":true,"href":"https:\/\/lideitalia.com\/pt\/wp-json\/wp\/v2\/users\/2"}],"replies":[{"embeddable":true,"href":"https:\/\/lideitalia.com\/pt\/wp-json\/wp\/v2\/comments?post=1956"}],"version-history":[{"count":0,"href":"https:\/\/lideitalia.com\/pt\/wp-json\/wp\/v2\/posts\/1956\/revisions"}],"wp:featuredmedia":[{"embeddable":true,"href":"https:\/\/lideitalia.com\/pt\/wp-json\/wp\/v2\/media\/1959"}],"wp:attachment":[{"href":"https:\/\/lideitalia.com\/pt\/wp-json\/wp\/v2\/media?parent=1956"}],"wp:term":[{"taxonomy":"category","embeddable":true,"href":"https:\/\/lideitalia.com\/pt\/wp-json\/wp\/v2\/categories?post=1956"},{"taxonomy":"post_tag","embeddable":true,"href":"https:\/\/lideitalia.com\/pt\/wp-json\/wp\/v2\/tags?post=1956"}],"curies":[{"name":"wp","href":"https:\/\/api.w.org\/{rel}","templated":true}]}}