{"id":1576,"date":"2024-05-10T07:15:59","date_gmt":"2024-05-10T07:15:59","guid":{"rendered":"https:\/\/lideitalia.com\/?p=1576"},"modified":"2025-08-06T17:40:58","modified_gmt":"2025-08-06T17:40:58","slug":"commemorazione-150o-anniversario-dellemigrazione-italiana-in-brasile","status":"publish","type":"post","link":"https:\/\/lideitalia.com\/pt\/commemorazione-150o-anniversario-dellemigrazione-italiana-in-brasile\/","title":{"rendered":"Evento em colabora\u00e7\u00e3o com o IILA para o 150\u00ba anivers\u00e1rio da emigra\u00e7\u00e3o italiana para o Brasil"},"content":{"rendered":"<p>O evento de comemora\u00e7\u00e3o do 150\u00ba anivers\u00e1rio da emigra\u00e7\u00e3o italiana para o Brasil, organizado pelo IILA (Organiza\u00e7\u00e3o Internacional \u00cdtalo-Latino-Americana), em colabora\u00e7\u00e3o com o LIDE It\u00e1lia, a Embaixada do Brasil na It\u00e1lia, a Associa\u00e7\u00e3o de Amizade It\u00e1lia-Brasil e a revista \"Comunidade Italiana\", ocorreu em 6 de maio.<\/p>\n\n\n\n<p>Alto-falantes<\/p>\n\n\n\n<p>Antonella Cavallari, Secret\u00e1ria Geral do IILA<br>S.E. Renato Mosca, Embaixador do Brasil na It\u00e1lia<br>Fabio Porta, Comiss\u00e3o de Assuntos Estrangeiros e Comunit\u00e1rios C\u00e2mara dos Deputados<br>Giacomo Guarnera, Presidente do LIDE Italia<br>Rubens Ometto Silveira Mello, Presidente da Cosan<br>Andrea Matarazzo, presidente da Matarazzo Holding<br>Annita Garibaldi Jallet, bisneta de Giuseppe Garibaldi e professora de Direito Constitucional em Bordeaux e na LUISS, em Roma<br>Cecilia Santinelli, Coordenadora de Patrim\u00f4nio Cultural do IILA<\/p>\n\n\n\n<p>Al\u00e9m disso, o document\u00e1rio \"M\u00e9rica. Pessoas do Norte na Am\u00e9rica do Sul\", um filme sobre a emigra\u00e7\u00e3o de trentinos para o Brasil no final do s\u00e9culo XIX.<\/p>\n\n\n\n<p>Por fim, o evento foi encerrado com uma apresenta\u00e7\u00e3o do projeto do IILA \"The Ilopolis Mill\".<\/p>\n\n\n\n<p>Foi um momento importante de compartilhamento e troca de ideias e testemunhos sobre a importante liga\u00e7\u00e3o entre a It\u00e1lia e o Brasil.<\/p>\n\n\n\n<p>A reuni\u00e3o faz parte das atividades organizadas pelo LIDE It\u00e1lia por ocasi\u00e3o da visita \u00e0 It\u00e1lia de Rubens Ometto Silveira Mello, um dos mais influentes empres\u00e1rios brasileiros e presidente do grupo Cosan, um gigante do setor<br>Brasileiro.<\/p>\n\n\n\n<figure class=\"wp-block-gallery has-nested-images columns-default is-cropped wp-block-gallery-1 is-layout-flex wp-block-gallery-is-layout-flex\">\n<figure class=\"wp-block-image size-large\"><a href=\"https:\/\/lideitalia.com\/wp-content\/uploads\/2024\/05\/DSC09567-1-scaled-1.jpg\"><img loading=\"lazy\" decoding=\"async\" width=\"2560\" height=\"1704\" data-id=\"1586\" src=\"https:\/\/lideitalia.com\/wp-content\/uploads\/2024\/05\/DSC09567-1-scaled-1.jpg\" alt=\"\" class=\"wp-image-1586\" srcset=\"https:\/\/lideitalia.com\/wp-content\/uploads\/2024\/05\/DSC09567-1-scaled-1.jpg 2560w, https:\/\/lideitalia.com\/wp-content\/uploads\/2024\/05\/DSC09567-1-scaled-1-300x200.jpg 300w, https:\/\/lideitalia.com\/wp-content\/uploads\/2024\/05\/DSC09567-1-scaled-1-1024x682.jpg 1024w, https:\/\/lideitalia.com\/wp-content\/uploads\/2024\/05\/DSC09567-1-scaled-1-768x511.jpg 768w, https:\/\/lideitalia.com\/wp-content\/uploads\/2024\/05\/DSC09567-1-scaled-1-1536x1022.jpg 1536w, https:\/\/lideitalia.com\/wp-content\/uploads\/2024\/05\/DSC09567-1-scaled-1-2048x1363.jpg 2048w, https:\/\/lideitalia.com\/wp-content\/uploads\/2024\/05\/DSC09567-1-scaled-1-18x12.jpg 18w\" sizes=\"auto, (max-width: 2560px) 100vw, 2560px\" \/><\/a><\/figure>\n\n\n\n<figure class=\"wp-block-image size-full\"><a href=\"https:\/\/lideitalia.com\/wp-content\/uploads\/2024\/05\/DSC09540-scaled-1.jpg\"><img loading=\"lazy\" decoding=\"async\" width=\"2560\" height=\"1704\" data-id=\"1579\" src=\"https:\/\/lideitalia.com\/wp-content\/uploads\/2024\/05\/DSC09540-scaled-1.jpg\" alt=\"\" class=\"wp-image-1579\" srcset=\"https:\/\/lideitalia.com\/wp-content\/uploads\/2024\/05\/DSC09540-scaled-1.jpg 2560w, https:\/\/lideitalia.com\/wp-content\/uploads\/2024\/05\/DSC09540-scaled-1-300x200.jpg 300w, https:\/\/lideitalia.com\/wp-content\/uploads\/2024\/05\/DSC09540-scaled-1-1024x682.jpg 1024w, https:\/\/lideitalia.com\/wp-content\/uploads\/2024\/05\/DSC09540-scaled-1-768x511.jpg 768w, https:\/\/lideitalia.com\/wp-content\/uploads\/2024\/05\/DSC09540-scaled-1-1536x1022.jpg 1536w, https:\/\/lideitalia.com\/wp-content\/uploads\/2024\/05\/DSC09540-scaled-1-2048x1363.jpg 2048w, https:\/\/lideitalia.com\/wp-content\/uploads\/2024\/05\/DSC09540-scaled-1-18x12.jpg 18w\" sizes=\"auto, (max-width: 2560px) 100vw, 2560px\" \/><\/a><\/figure>\n\n\n\n<figure class=\"wp-block-image size-large\"><a href=\"https:\/\/lideitalia.com\/wp-content\/uploads\/2024\/05\/DSC09477-2-scaled-1.jpg\"><img decoding=\"async\" data-id=\"1587\" src=\"https:\/\/lideitalia.com\/wp-content\/uploads\/2024\/05\/DSC09477-2-1024x682.jpg\" alt=\"\" class=\"wp-image-1587\"\/><\/a><\/figure>\n\n\n\n<figure class=\"wp-block-image size-large\"><a href=\"https:\/\/lideitalia.com\/wp-content\/uploads\/2024\/05\/DSC09511-1-scaled-1.jpg\"><img decoding=\"async\" data-id=\"1585\" src=\"https:\/\/lideitalia.com\/wp-content\/uploads\/2024\/05\/DSC09511-1-1024x682.jpg\" alt=\"\" class=\"wp-image-1585\"\/><\/a><\/figure>\n<\/figure>","protected":false},"excerpt":{"rendered":"<p>O evento comemorativo do 150\u00ba anivers\u00e1rio da emigra\u00e7\u00e3o italiana para o Brasil foi realizado em 6 de maio, organizado pelo IILA (Organiza\u00e7\u00e3o Internacional \u00cdtalo-Latino-Americana), em colabora\u00e7\u00e3o com o LIDE It\u00e1lia, a Embaixada do Brasil na It\u00e1lia, a Associa\u00e7\u00e3o de Amizade It\u00e1lia-Brasil e a revista \"Comunidade Italiana\". Entre os palestrantes estavam: Antonella Cavallari, Secret\u00e1ria Geral do IILAS; Renato Mosca, Embaixador do Brasil na It\u00e1lia; [...]<\/p>","protected":false},"author":2,"featured_media":1703,"comment_status":"open","ping_status":"open","sticky":false,"template":"","format":"standard","meta":{"footnotes":""},"categories":[10,8],"tags":[11,7],"class_list":["post-1576","post","type-post","status-publish","format-standard","has-post-thumbnail","hentry","category-eventi","category-news","tag-eventi","tag-news"],"acf":[],"_links":{"self":[{"href":"https:\/\/lideitalia.com\/pt\/wp-json\/wp\/v2\/posts\/1576","targetHints":{"allow":["GET"]}}],"collection":[{"href":"https:\/\/lideitalia.com\/pt\/wp-json\/wp\/v2\/posts"}],"about":[{"href":"https:\/\/lideitalia.com\/pt\/wp-json\/wp\/v2\/types\/post"}],"author":[{"embeddable":true,"href":"https:\/\/lideitalia.com\/pt\/wp-json\/wp\/v2\/users\/2"}],"replies":[{"embeddable":true,"href":"https:\/\/lideitalia.com\/pt\/wp-json\/wp\/v2\/comments?post=1576"}],"version-history":[{"count":2,"href":"https:\/\/lideitalia.com\/pt\/wp-json\/wp\/v2\/posts\/1576\/revisions"}],"predecessor-version":[{"id":2680,"href":"https:\/\/lideitalia.com\/pt\/wp-json\/wp\/v2\/posts\/1576\/revisions\/2680"}],"wp:featuredmedia":[{"embeddable":true,"href":"https:\/\/lideitalia.com\/pt\/wp-json\/wp\/v2\/media\/1703"}],"wp:attachment":[{"href":"https:\/\/lideitalia.com\/pt\/wp-json\/wp\/v2\/media?parent=1576"}],"wp:term":[{"taxonomy":"category","embeddable":true,"href":"https:\/\/lideitalia.com\/pt\/wp-json\/wp\/v2\/categories?post=1576"},{"taxonomy":"post_tag","embeddable":true,"href":"https:\/\/lideitalia.com\/pt\/wp-json\/wp\/v2\/tags?post=1576"}],"curies":[{"name":"wp","href":"https:\/\/api.w.org\/{rel}","templated":true}]}}