{"id":1570,"date":"2024-05-04T14:37:51","date_gmt":"2024-05-04T14:37:51","guid":{"rendered":"https:\/\/lideitalia.com\/?p=1570"},"modified":"2024-05-04T14:37:51","modified_gmt":"2024-05-04T14:37:51","slug":"commemorazione-dei-150-anni-dellemigrazione-italiana-in-brasile-6-maggio-ore-15-30","status":"publish","type":"post","link":"https:\/\/lideitalia.com\/pt\/commemorazione-dei-150-anni-dellemigrazione-italiana-in-brasile-6-maggio-ore-15-30\/","title":{"rendered":"Evento \"Comemora\u00e7\u00e3o dos 150 anos da emigra\u00e7\u00e3o italiana para o Brasil\" (6 de maio de 2024, Roma)"},"content":{"rendered":"<hr class=\"wp-block-separator has-alpha-channel-opacity\"\/>\n\n\n<div class=\"wp-block-image\">\n<figure class=\"aligncenter size-large is-resized\"><a href=\"https:\/\/lideitalia.com\/wp-content\/uploads\/2024\/05\/evento-6.05.png\"><img loading=\"lazy\" decoding=\"async\" width=\"726\" height=\"1024\" src=\"https:\/\/lideitalia.com\/wp-content\/uploads\/2024\/05\/evento-6.05-726x1024.png\" alt=\"\" class=\"wp-image-1573\" style=\"width:567px;height:auto\" srcset=\"https:\/\/lideitalia.com\/wp-content\/uploads\/2024\/05\/evento-6.05-726x1024.png 726w, https:\/\/lideitalia.com\/wp-content\/uploads\/2024\/05\/evento-6.05-213x300.png 213w, https:\/\/lideitalia.com\/wp-content\/uploads\/2024\/05\/evento-6.05-9x12.png 9w, https:\/\/lideitalia.com\/wp-content\/uploads\/2024\/05\/evento-6.05.png 744w\" sizes=\"auto, (max-width: 726px) 100vw, 726px\" \/><\/a><\/figure>\n<\/div>\n\n\n<p>O evento organizado pelo IILA - Organiza\u00e7\u00e3o Internacional \u00cdtalo-Latino-Americana, em colabora\u00e7\u00e3o com o LIDE It\u00e1lia, a Embaixada do Brasil na It\u00e1lia, a Associa\u00e7\u00e3o de Amizade It\u00e1lia-Brasil e a revista \"Comunit\u00e0 Italiana\", para comemorar o 150\u00ba anivers\u00e1rio da emigra\u00e7\u00e3o italiana para o Brasil, ser\u00e1 realizado no dia 6 de maio, \u00e0s 15h30min.<\/p>\n\n\n\n<p>O evento reunir\u00e1 as principais figuras do mundo empresarial \u00edtalo-brasileiro para testemunhar e celebrar o profundo v\u00ednculo entre os dois pa\u00edses. O empres\u00e1rio \u00edtalo-brasileiro Rubens Ometto Silveira Mello, presidente do grupo Cosan e uma das principais figuras do empreendedorismo brasileiro, estar\u00e1 presente no evento para compartilhar sua hist\u00f3ria, por ocasi\u00e3o de sua visita \u00e0 It\u00e1lia.<\/p>\n\n\n\n<p>A comemora\u00e7\u00e3o continuar\u00e1 com o document\u00e1rio \"M\u00e9rica. Gente do Norte na Am\u00e9rica do Sul\", que conta a hist\u00f3ria da emigra\u00e7\u00e3o dos italianos trentinos para o Brasil, e com uma palestra especial de Annita Garibaldi Jallet, bisneta do her\u00f3i de dois mundos.<\/p>\n\n\n\n<p>O evento ser\u00e1 encerrado com uma apresenta\u00e7\u00e3o do projeto do IILA \"The Ilopolis Mill\".<\/p>\n\n\n\n<p>Convidamos voc\u00ea a participar desse importante momento de compartilhamento e pedimos que confirme sua participa\u00e7\u00e3o enviando um e-mail para <a>biblioteca@iila.org<\/a>. <br>Como alternativa, ser\u00e1 poss\u00edvel acompanhar o evento remotamente por meio do link a seguir: <a href=\"https:\/\/us06web.zoom.us\/j\/81038112016\" target=\"_blank\" rel=\"noreferrer noopener\">https:\/\/us06web.zoom.us\/j\/81038112016<\/a><\/p>\n\n\n\n<p><\/p>","protected":false},"excerpt":{"rendered":"<p>O evento organizado pelo IILA - Organiza\u00e7\u00e3o Internacional \u00cdtalo-Latino-Americana, em colabora\u00e7\u00e3o com o LIDE It\u00e1lia, a Embaixada do Brasil na It\u00e1lia, a Associa\u00e7\u00e3o de Amizade It\u00e1lia-Brasil e a revista \"Comunit\u00e0 Italiana\", para comemorar o 150\u00ba anivers\u00e1rio da emigra\u00e7\u00e3o italiana para o Brasil, ser\u00e1 realizado no dia 6 de maio, \u00e0s 15h30min. O evento reunir\u00e1 personalidades importantes do mundo empresarial \u00edtalo-brasileiro para testemunhar [...]<\/p>","protected":false},"author":2,"featured_media":1575,"comment_status":"open","ping_status":"open","sticky":false,"template":"","format":"standard","meta":{"footnotes":""},"categories":[10,8,1],"tags":[11,7],"class_list":["post-1570","post","type-post","status-publish","format-standard","has-post-thumbnail","hentry","category-eventi","category-news","category-uncategorized","tag-eventi","tag-news"],"acf":[],"_links":{"self":[{"href":"https:\/\/lideitalia.com\/pt\/wp-json\/wp\/v2\/posts\/1570","targetHints":{"allow":["GET"]}}],"collection":[{"href":"https:\/\/lideitalia.com\/pt\/wp-json\/wp\/v2\/posts"}],"about":[{"href":"https:\/\/lideitalia.com\/pt\/wp-json\/wp\/v2\/types\/post"}],"author":[{"embeddable":true,"href":"https:\/\/lideitalia.com\/pt\/wp-json\/wp\/v2\/users\/2"}],"replies":[{"embeddable":true,"href":"https:\/\/lideitalia.com\/pt\/wp-json\/wp\/v2\/comments?post=1570"}],"version-history":[{"count":0,"href":"https:\/\/lideitalia.com\/pt\/wp-json\/wp\/v2\/posts\/1570\/revisions"}],"wp:featuredmedia":[{"embeddable":true,"href":"https:\/\/lideitalia.com\/pt\/wp-json\/wp\/v2\/media\/1575"}],"wp:attachment":[{"href":"https:\/\/lideitalia.com\/pt\/wp-json\/wp\/v2\/media?parent=1570"}],"wp:term":[{"taxonomy":"category","embeddable":true,"href":"https:\/\/lideitalia.com\/pt\/wp-json\/wp\/v2\/categories?post=1570"},{"taxonomy":"post_tag","embeddable":true,"href":"https:\/\/lideitalia.com\/pt\/wp-json\/wp\/v2\/tags?post=1570"}],"curies":[{"name":"wp","href":"https:\/\/api.w.org\/{rel}","templated":true}]}}