{"id":1308,"date":"2023-09-12T14:26:23","date_gmt":"2023-09-12T14:26:23","guid":{"rendered":"http:\/\/167.172.26.206\/?p=1308"},"modified":"2023-09-12T14:26:23","modified_gmt":"2023-09-12T14:26:23","slug":"report-speciale-lide-brazil-conference-milan","status":"publish","type":"post","link":"https:\/\/lideitalia.com\/pt\/report-speciale-lide-brazil-conference-milan\/","title":{"rendered":"Relat\u00f3rio especial Confer\u00eancia LIDE Brasil Mil\u00e3o"},"content":{"rendered":"<p>A Confer\u00eancia LIDE Brasil Mil\u00e3o foi realizada nos dias 7 e 8 de setembro de 2023, um evento de prest\u00edgio que contou com a presen\u00e7a de mais de 120 empres\u00e1rios e autoridades e que promoveu um rico debate sobre o futuro das rela\u00e7\u00f5es comerciais entre a It\u00e1lia e o Brasil.<\/p>\n\n\n\n<p>O Lide Brazil Conference Mil\u00e3o foi um momento de reflex\u00e3o sobre as perspectivas econ\u00f4micas, o desenvolvimento social, o empreendedorismo e os neg\u00f3cios, e um incentivo efetivo para as rela\u00e7\u00f5es entre a It\u00e1lia e o Brasil.<\/p>\n\n\n\n<p>O sucesso do evento continua com o trabalho da nova estrutura do LIDE It\u00e1lia, que em breve apresentar\u00e1 um importante calend\u00e1rio de iniciativas com o objetivo de fortalecer cada vez mais os la\u00e7os entre os dois pa\u00edses.<\/p>\n\n\n\n<p><\/p>\n\n\n\n<figure class=\"wp-block-embed aligncenter is-type-video is-provider-youtube wp-block-embed-youtube wp-embed-aspect-16-9 wp-has-aspect-ratio\"><div class=\"wp-block-embed__wrapper\">\n<iframe loading=\"lazy\" title=\"LIDE BRAZIL CONFERENCE MILAN | Relat\u00f3rio Especial\" width=\"500\" height=\"281\" src=\"https:\/\/www.youtube.com\/embed\/favwxY1Sl00?feature=oembed\" frameborder=\"0\" allow=\"accelerometer; autoplay; clipboard-write; encrypted-media; gyroscope; picture-in-picture; web-share\" referrerpolicy=\"strict-origin-when-cross-origin\" allowfullscreen><\/iframe>\n<\/div><\/figure>\n\n\n\n<p><\/p>\n\n\n\n<h2 class=\"wp-block-heading\"><strong>Discursos do Presidente do LIDE It\u00e1lia, Advogado Giacomo Guarnera<\/strong><\/h2>\n\n\n\n<figure class=\"wp-block-embed is-type-video is-provider-youtube wp-block-embed-youtube wp-embed-aspect-16-9 wp-has-aspect-ratio\"><div class=\"wp-block-embed__wrapper\">\n<iframe loading=\"lazy\" title=\"CONFER\u00caNCIA DE MIL\u00c3O | Giacomo Guarnera: &#039;Abrimos caminho para os neg\u00f3cios entre It\u00e1lia e Brasil&#039;\" width=\"500\" height=\"281\" src=\"https:\/\/www.youtube.com\/embed\/Z0HOqPozAUk?feature=oembed\" frameborder=\"0\" allow=\"accelerometer; autoplay; clipboard-write; encrypted-media; gyroscope; picture-in-picture; web-share\" referrerpolicy=\"strict-origin-when-cross-origin\" allowfullscreen><\/iframe>\n<\/div><\/figure>\n\n\n\n<figure class=\"wp-block-image size-full\"><img loading=\"lazy\" decoding=\"async\" width=\"20\" height=\"20\" src=\"https:\/\/lideitalia.com\/wp-content\/uploads\/2024\/02\/image-5.png\" alt=\"\" class=\"wp-image-1309\" srcset=\"https:\/\/lideitalia.com\/wp-content\/uploads\/2024\/02\/image-5.png 20w, https:\/\/lideitalia.com\/wp-content\/uploads\/2024\/02\/image-5-12x12.png 12w\" sizes=\"auto, (max-width: 20px) 100vw, 20px\" \/><\/figure>\n\n\n\n<figure class=\"wp-block-embed is-type-video is-provider-youtube wp-block-embed-youtube wp-embed-aspect-16-9 wp-has-aspect-ratio\"><div class=\"wp-block-embed__wrapper\">\n<iframe loading=\"lazy\" title=\"CONFER\u00caNCIA MILAN | Giacomo Guarnera: &quot;Queremos dar oportunidades concretas para os empreendedores&quot; (Queremos dar oportunidades concretas para os empreendedores)\" width=\"500\" height=\"281\" src=\"https:\/\/www.youtube.com\/embed\/sLgQeUtXWbg?feature=oembed\" frameborder=\"0\" allow=\"accelerometer; autoplay; clipboard-write; encrypted-media; gyroscope; picture-in-picture; web-share\" referrerpolicy=\"strict-origin-when-cross-origin\" allowfullscreen><\/iframe>\n<\/div><\/figure>\n\n\n\n<p><\/p>\n\n\n\n<h2 class=\"wp-block-heading\"><strong>Interven\u00e7\u00e3o de Andrea Matarazzo<\/strong><\/h2>\n\n\n\n<p>O discurso de Andrea Matarazzo na Lide Brazil Conference Milan ilustrou as oportunidades oferecidas pelas rela\u00e7\u00f5es entre a It\u00e1lia e o Brasil e destacou os muitos pontos de encontro, tanto econ\u00f4micos quanto culturais, que favorecem oportunidades favor\u00e1veis para ambos os pa\u00edses.<\/p>\n\n\n\n<figure class=\"wp-block-embed aligncenter is-type-video is-provider-youtube wp-block-embed-youtube wp-embed-aspect-16-9 wp-has-aspect-ratio\"><div class=\"wp-block-embed__wrapper\">\n<iframe loading=\"lazy\" title=\"CONFER\u00caNCIA DE MIL\u00c3O | Andrea Matarazzo: &quot;A inter-rela\u00e7\u00e3o entre os pa\u00edses \u00e9 muito boa para os neg\u00f3cios&quot;.\" width=\"500\" height=\"281\" src=\"https:\/\/www.youtube.com\/embed\/6j7rkH_1jho?feature=oembed\" frameborder=\"0\" allow=\"accelerometer; autoplay; clipboard-write; encrypted-media; gyroscope; picture-in-picture; web-share\" referrerpolicy=\"strict-origin-when-cross-origin\" allowfullscreen><\/iframe>\n<\/div><\/figure>\n\n\n\n<p><\/p>\n\n\n\n<h2 class=\"wp-block-heading\"><strong>Discurso de Barbara Beltrame Giacomello, vice-presidente da Confindustria<\/strong><\/h2>\n\n\n\n<p>Hoje, o Brasil possui uma estabilidade consolidada, tanto institucional quanto democr\u00e1tica, e pol\u00edticas econ\u00f4micas rigorosas que tiveram um impacto positivo no crescimento do pa\u00eds. Como explica Barbara Beltrame Giacomello, Vice-presidente da Confindustria respons\u00e1vel pela internacionaliza\u00e7\u00e3o, tudo isso favoreceu uma recupera\u00e7\u00e3o consistente das trocas econ\u00f4micas; a It\u00e1lia, de fato, representa atualmente o segundo parceiro comercial do Brasil entre os pa\u00edses europeus e o s\u00e9timo parceiro mundial.<\/p>\n\n\n\n<figure class=\"wp-block-embed aligncenter is-type-video is-provider-youtube wp-block-embed-youtube wp-embed-aspect-16-9 wp-has-aspect-ratio\"><div class=\"wp-block-embed__wrapper\">\n<iframe loading=\"lazy\" title=\"CONFER\u00caNCIA DE MIL\u00c3O | Barbara Giacomelo: &#039;Hoje, o Brasil tem estabilidade democr\u00e1tica consolidada&#039;\" width=\"500\" height=\"281\" src=\"https:\/\/www.youtube.com\/embed\/MTHGGmbDn98?feature=oembed\" frameborder=\"0\" allow=\"accelerometer; autoplay; clipboard-write; encrypted-media; gyroscope; picture-in-picture; web-share\" referrerpolicy=\"strict-origin-when-cross-origin\" allowfullscreen><\/iframe>\n<\/div><\/figure>\n\n\n\n<p><\/p>\n\n\n\n<h2 class=\"wp-block-heading\"><strong>Discurso de Maria Raffaella Caprioglio, Presidente da Umana SpA<\/strong><\/h2>\n\n\n\n<p>A presidente Raffaella Caprioglio destacou como a Umana sempre acreditou no Brasil, onde est\u00e1 presente desde 2005, e onde agora tem v\u00e1rias filiais, capazes de atender a qualquer solicita\u00e7\u00e3o em todo o pa\u00eds, gra\u00e7as \u00e0 UMANA BRASIL.<\/p>\n\n\n\n<figure class=\"wp-block-embed aligncenter is-type-video is-provider-youtube wp-block-embed-youtube wp-embed-aspect-16-9 wp-has-aspect-ratio\"><div class=\"wp-block-embed__wrapper\">\n<iframe loading=\"lazy\" title=\"CONFER\u00caNCIA DE MIL\u00c3O | Maria Raffaella Capprioglio: &#039;O Brasil \u00e9 um pa\u00eds dif\u00edcil pelas leis trabalhistas&#039;\" width=\"500\" height=\"281\" src=\"https:\/\/www.youtube.com\/embed\/98oI5XbPvak?feature=oembed\" frameborder=\"0\" allow=\"accelerometer; autoplay; clipboard-write; encrypted-media; gyroscope; picture-in-picture; web-share\" referrerpolicy=\"strict-origin-when-cross-origin\" allowfullscreen><\/iframe>\n<\/div><\/figure>\n\n\n\n<p><\/p>\n\n\n\n<p><\/p>\n\n\n\n<p><strong>Para v\u00eddeos: <br><\/strong>Centro de comunica\u00e7\u00e3o, conte\u00fado e digitaliza\u00e7\u00e3o | Ana Lucia Ventorim <br>Ger\u00eancia | Jos\u00e9 Claudio Pimentel <br>Realiza\u00e7\u00e3o | TV LIDE e Trinca Produ\u00e7\u00f5es<\/p>\n\n\n\n<p><\/p>","protected":false},"excerpt":{"rendered":"<p>Nos dias 7 e 8 de setembro de 2023 foi realizada a LIDE Brazil Conference Milan, um evento de prest\u00edgio que contou com a presen\u00e7a de mais de 120 empres\u00e1rios e autoridades e que foi palco de um rico debate sobre o futuro das rela\u00e7\u00f5es comerciais entre a It\u00e1lia e o Brasil. O Lide Brazil Conference Mil\u00e3o foi um evento [...]<\/p>","protected":false},"author":2,"featured_media":1310,"comment_status":"open","ping_status":"open","sticky":false,"template":"","format":"standard","meta":{"footnotes":""},"categories":[10,8],"tags":[11,13],"class_list":["post-1308","post","type-post","status-publish","format-standard","has-post-thumbnail","hentry","category-eventi","category-news","tag-eventi","tag-lide-global"],"acf":[],"_links":{"self":[{"href":"https:\/\/lideitalia.com\/pt\/wp-json\/wp\/v2\/posts\/1308","targetHints":{"allow":["GET"]}}],"collection":[{"href":"https:\/\/lideitalia.com\/pt\/wp-json\/wp\/v2\/posts"}],"about":[{"href":"https:\/\/lideitalia.com\/pt\/wp-json\/wp\/v2\/types\/post"}],"author":[{"embeddable":true,"href":"https:\/\/lideitalia.com\/pt\/wp-json\/wp\/v2\/users\/2"}],"replies":[{"embeddable":true,"href":"https:\/\/lideitalia.com\/pt\/wp-json\/wp\/v2\/comments?post=1308"}],"version-history":[{"count":0,"href":"https:\/\/lideitalia.com\/pt\/wp-json\/wp\/v2\/posts\/1308\/revisions"}],"wp:featuredmedia":[{"embeddable":true,"href":"https:\/\/lideitalia.com\/pt\/wp-json\/wp\/v2\/media\/1310"}],"wp:attachment":[{"href":"https:\/\/lideitalia.com\/pt\/wp-json\/wp\/v2\/media?parent=1308"}],"wp:term":[{"taxonomy":"category","embeddable":true,"href":"https:\/\/lideitalia.com\/pt\/wp-json\/wp\/v2\/categories?post=1308"},{"taxonomy":"post_tag","embeddable":true,"href":"https:\/\/lideitalia.com\/pt\/wp-json\/wp\/v2\/tags?post=1308"}],"curies":[{"name":"wp","href":"https:\/\/api.w.org\/{rel}","templated":true}]}}