{"id":1272,"date":"2023-10-30T15:29:00","date_gmt":"2023-10-30T15:29:00","guid":{"rendered":"http:\/\/167.172.26.206\/?p=1272"},"modified":"2023-10-30T15:29:00","modified_gmt":"2023-10-30T15:29:00","slug":"save-the-date-convegno-il-brasile-mercato-strategico-per-le-imprese-italiane-scenari-e-prospettive-milano-20-novembre-ore-17-30","status":"publish","type":"post","link":"https:\/\/lideitalia.com\/pt\/save-the-date-convegno-il-brasile-mercato-strategico-per-le-imprese-italiane-scenari-e-prospettive-milano-20-novembre-ore-17-30\/","title":{"rendered":"Reserve a data: Confer\u00eancia 'Brasil: Mercado Estrat\u00e9gico para Empresas Italianas - Cen\u00e1rios e Perspectivas' (Mil\u00e3o, 20 de novembro, 17h30min)"},"content":{"rendered":"<p>Em 20 de novembro de 2023, \u00e0s 17h30, no Hotel Principe di Savoia, ser\u00e1 realizado nosso evento \"Brasil: mercado estrat\u00e9gico para empresas italianas - Cen\u00e1rios e perspectivas\".<\/p>\n\n\n\n<p>Os palestrantes ser\u00e3o:<\/p>\n\n\n\n<ul class=\"wp-block-list\">\n<li>Alessandro Cortese, Embaixador da It\u00e1lia no Brasil<\/li>\n\n\n\n<li>Aloysio Nunes Ferreira Filho, ex-Ministro das Rela\u00e7\u00f5es Exteriores da Rep\u00fablica Federativa do Brasil<\/li>\n\n\n\n<li>Renato Mosca, Embaixador do Brasil na It\u00e1lia<\/li>\n\n\n\n<li>Antonella Cavallari, Secret\u00e1ria Geral&nbsp;<a href=\"https:\/\/www.linkedin.com\/company\/iila-organizzazione\/\">IILA - Organiza\u00e7\u00e3o Internacional \u00cdtalo-Latino-Americana<\/a><\/li>\n\n\n\n<li>Antonella Mori, gerente do programa para a Am\u00e9rica Latina da&nbsp;<a href=\"https:\/\/www.linkedin.com\/company\/ispi\/\">ISPI - Instituto de Estudos de Pol\u00edticas Internacionais<\/a>&nbsp;e professor de Macroeconomia e Perspectivas Econ\u00f4micas&nbsp;<a href=\"https:\/\/www.linkedin.com\/company\/universita-bocconi\/\">Universidade Bocconi<\/a><\/li>\n<\/ul>\n\n\n\n<p>com modera\u00e7\u00e3o do Presidente Giacomo Guarnera\u00a0<\/p>\n\n\n\n<p>A noite ser\u00e1 uma oportunidade \u00fanica de se aprofundar nas perspectivas e cen\u00e1rios do mercado brasileiro com insights valiosos dos principais especialistas e de expandir sua rede internacional de #.<\/p>\n\n\n\n<p>Em colabora\u00e7\u00e3o com\u00a0<strong><a href=\"https:\/\/www.leonardo.com\/\" target=\"_blank\" rel=\"noreferrer noopener\">Leonardo<\/a><\/strong><\/p>\n\n\n<div class=\"wp-block-image\">\n<figure class=\"aligncenter size-large\"><img loading=\"lazy\" decoding=\"async\" width=\"817\" height=\"1024\" src=\"https:\/\/lideitalia.com\/wp-content\/uploads\/2024\/02\/loca-817x1024.jpeg\" alt=\"\" class=\"wp-image-1269\" srcset=\"https:\/\/lideitalia.com\/wp-content\/uploads\/2024\/02\/loca-817x1024.jpeg 817w, https:\/\/lideitalia.com\/wp-content\/uploads\/2024\/02\/loca-239x300.jpeg 239w, https:\/\/lideitalia.com\/wp-content\/uploads\/2024\/02\/loca-768x963.jpeg 768w, https:\/\/lideitalia.com\/wp-content\/uploads\/2024\/02\/loca-1225x1536.jpeg 1225w, https:\/\/lideitalia.com\/wp-content\/uploads\/2024\/02\/loca-10x12.jpeg 10w, https:\/\/lideitalia.com\/wp-content\/uploads\/2024\/02\/loca.jpeg 1280w\" sizes=\"auto, (max-width: 817px) 100vw, 817px\" \/><\/figure>\n<\/div>","protected":false},"excerpt":{"rendered":"<p>Ser\u00e1 realizado no dia 20 de novembro de 2023, \u00e0s 17h30, no Hotel Principe di Savoia, o nosso evento \"Brasil: mercado estrat\u00e9gico para as empresas italianas - Cen\u00e1rios e perspectivas\" Palestrantes: com a modera\u00e7\u00e3o do Presidente Giacomo Guarnera A noite ser\u00e1 uma oportunidade \u00fanica para aprofundar as perspectivas e os cen\u00e1rios do mercado brasileiro, gra\u00e7as \u00e0s valiosas percep\u00e7\u00f5es de especialistas [...]<\/p>","protected":false},"author":2,"featured_media":1269,"comment_status":"open","ping_status":"open","sticky":false,"template":"","format":"standard","meta":{"footnotes":""},"categories":[10,8],"tags":[11],"class_list":["post-1272","post","type-post","status-publish","format-standard","has-post-thumbnail","hentry","category-eventi","category-news","tag-eventi"],"acf":[],"_links":{"self":[{"href":"https:\/\/lideitalia.com\/pt\/wp-json\/wp\/v2\/posts\/1272","targetHints":{"allow":["GET"]}}],"collection":[{"href":"https:\/\/lideitalia.com\/pt\/wp-json\/wp\/v2\/posts"}],"about":[{"href":"https:\/\/lideitalia.com\/pt\/wp-json\/wp\/v2\/types\/post"}],"author":[{"embeddable":true,"href":"https:\/\/lideitalia.com\/pt\/wp-json\/wp\/v2\/users\/2"}],"replies":[{"embeddable":true,"href":"https:\/\/lideitalia.com\/pt\/wp-json\/wp\/v2\/comments?post=1272"}],"version-history":[{"count":0,"href":"https:\/\/lideitalia.com\/pt\/wp-json\/wp\/v2\/posts\/1272\/revisions"}],"wp:featuredmedia":[{"embeddable":true,"href":"https:\/\/lideitalia.com\/pt\/wp-json\/wp\/v2\/media\/1269"}],"wp:attachment":[{"href":"https:\/\/lideitalia.com\/pt\/wp-json\/wp\/v2\/media?parent=1272"}],"wp:term":[{"taxonomy":"category","embeddable":true,"href":"https:\/\/lideitalia.com\/pt\/wp-json\/wp\/v2\/categories?post=1272"},{"taxonomy":"post_tag","embeddable":true,"href":"https:\/\/lideitalia.com\/pt\/wp-json\/wp\/v2\/tags?post=1272"}],"curies":[{"name":"wp","href":"https:\/\/api.w.org\/{rel}","templated":true}]}}